{"id":10,"date":"2006-01-27T15:34:06","date_gmt":"2006-01-27T22:34:06","guid":{"rendered":"http:\/\/www.exportapymes.com\/comercio-exterior-america-esp\/exporta-cuba-mas-de-600-toneladas-de-cafe-organico\/"},"modified":"2006-04-29T11:05:55","modified_gmt":"2006-04-29T18:05:55","slug":"exporta-cuba-mas-de-600-toneladas-de-cafe-organico","status":"publish","type":"post","link":"https:\/\/www.exportapymes.com\/comercio-exterior-america-esp\/exporta-cuba-mas-de-600-toneladas-de-cafe-organico\/","title":{"rendered":"Cuba exporta m\u00e1s de 600 toneladas de caf\u00e9 org\u00e1nico"},"content":{"rendered":"<p><strong>Cuba export\u00f3<\/strong> 624 toneladas de <strong>caf\u00e9 org\u00e1nico certificado<\/strong> en los \u00faltimos cuatro a\u00f1os, con lo cual afianza su <strong>estrategia para diversificar y ampliar mercados con productos de elevada calidad<\/strong>.<br \/>\n<strong><img decoding=\"async\" src=\"http:\/\/www.exportapymes.com\/comercio-exterior-america-esp\/images\/ban\/cuba.jpg\" \/>  <\/strong>Dada la tendencia mundial a consumir <strong>alimentos ecol\u00f3gicos<\/strong> se acrecientan los esfuerzos en la naci\u00f3n caribe\u00f1a, donde en el 2005 se produjeron y <strong>comercializaron<\/strong> 162 toneladas de caf\u00e9 con tales requerimientos.<br \/>\n<!--more-->La mayor parte de las <strong>exportaciones<\/strong> fueron a Jap\u00f3n, aunque tambi\u00e9n existen <strong>demandas en otros mercados<\/strong> asi\u00e1ticos y europeos.<\/p>\n<p>Este proyecto es dirigido por la Estaci\u00f3n Central de Investigaciones de Caf\u00e9 y Cacao, del municipio de Tercer Frente, en Santiago de Cuba y se desarrolla en localidades de la provincia de Guant\u00e1namo, la m\u00e1s oriental del pa\u00eds.<\/p>\n<p>El doctor Pascual Caro, jefe de ese proyecto nacional, dijo a la AIN que unas cuatro mil 500 hect\u00e1reas est\u00e1n dedicadas a la obtenci\u00f3n de ese rengl\u00f3n, lo cual representa el 5,5 por ciento del total de la superficie sembrada de caf\u00e9 en el pa\u00eds.<\/p>\n<div align=\"justify\">Alrededor de dos mil productores de empresas cooperativas e individuales de Guant\u00e1namo materializan este empe\u00f1o productivo, donde se muestra integraci\u00f3n y aplicaci\u00f3n de la ciencia y la t\u00e9cnica.<\/p>\n<p>Expertos extranjeros han validado la efectividad del proyecto en Cuba, por el estricto cumplimiento de normas que presuponen ausencia de agrot\u00f3xicos en el control de plagas y nutrici\u00f3n, medidas de conservaci\u00f3n de suelos y el agua, entre otros, precis\u00f3 el especialista.<\/p>\n<p>El uno por ciento de la produccion mundial de <strong>caf\u00e9 es ecol\u00f3gico<\/strong>, camino en el que incursiona Cuba con el objetivo de consolidar un frente <strong>exportable<\/strong>.<\/p>\n<p>Otros renglones ecol\u00f3gicos en el archipi\u00e9lago son la miel, c\u00edtricos, az\u00facar, cacao y guano de murci\u00e9lago.<\/p>\n<p>La tradici\u00f3n cafetalera de Cuba data de 1748 cuando se introdujo la especie coffea ar\u00e1bica, en 1833 lleg\u00f3 a ser por \u00fanica vez el <strong>primer exportador mundial<\/strong> del preciado rubro.<br \/>\nPor Dania S\u00e1nchez<br \/>\nCNC TV Granma<\/div>\n","protected":false},"excerpt":{"rendered":"<p>Cuba export\u00f3 624 toneladas de caf\u00e9 org\u00e1nico certificado en los \u00faltimos cuatro a\u00f1os, con lo cual afianza su estrategia para diversificar y ampliar mercados con productos de elevada calidad. Dada la tendencia mundial a consumir alimentos ecol\u00f3gicos se acrecientan los<span class=\"ellipsis\">&hellip;<\/span><\/p>\n<div class=\"read-more\"><a href=\"https:\/\/www.exportapymes.com\/comercio-exterior-america-esp\/exporta-cuba-mas-de-600-toneladas-de-cafe-organico\/\">Leer m&aacute;s &#8250;<\/a><\/div>\n<p><!-- end of .read-more --><\/p>\n","protected":false},"author":1,"featured_media":0,"comment_status":"open","ping_status":"open","sticky":false,"template":"","format":"standard","meta":{"footnotes":""},"categories":[7],"tags":[],"class_list":["post-10","post","type-post","status-publish","format-standard","hentry","category-cuba"],"_links":{"self":[{"href":"https:\/\/www.exportapymes.com\/comercio-exterior-america-esp\/wp-json\/wp\/v2\/posts\/10","targetHints":{"allow":["GET"]}}],"collection":[{"href":"https:\/\/www.exportapymes.com\/comercio-exterior-america-esp\/wp-json\/wp\/v2\/posts"}],"about":[{"href":"https:\/\/www.exportapymes.com\/comercio-exterior-america-esp\/wp-json\/wp\/v2\/types\/post"}],"author":[{"embeddable":true,"href":"https:\/\/www.exportapymes.com\/comercio-exterior-america-esp\/wp-json\/wp\/v2\/users\/1"}],"replies":[{"embeddable":true,"href":"https:\/\/www.exportapymes.com\/comercio-exterior-america-esp\/wp-json\/wp\/v2\/comments?post=10"}],"version-history":[{"count":0,"href":"https:\/\/www.exportapymes.com\/comercio-exterior-america-esp\/wp-json\/wp\/v2\/posts\/10\/revisions"}],"wp:attachment":[{"href":"https:\/\/www.exportapymes.com\/comercio-exterior-america-esp\/wp-json\/wp\/v2\/media?parent=10"}],"wp:term":[{"taxonomy":"category","embeddable":true,"href":"https:\/\/www.exportapymes.com\/comercio-exterior-america-esp\/wp-json\/wp\/v2\/categories?post=10"},{"taxonomy":"post_tag","embeddable":true,"href":"https:\/\/www.exportapymes.com\/comercio-exterior-america-esp\/wp-json\/wp\/v2\/tags?post=10"}],"curies":[{"name":"wp","href":"https:\/\/api.w.org\/{rel}","templated":true}]}}