{"id":1021,"date":"2006-12-14T16:07:37","date_gmt":"2006-12-14T23:07:37","guid":{"rendered":"http:\/\/www.exportapymes.com\/comercio-exterior-america-esp\/paraguay-y-uruguay-intensifican-relaciones-para-exportar-programas-informaticos\/"},"modified":"2007-06-14T12:02:06","modified_gmt":"2007-06-14T19:02:06","slug":"paraguay-y-uruguay-intensifican-relaciones-para-exportar-programas-informaticos","status":"publish","type":"post","link":"https:\/\/www.exportapymes.com\/comercio-exterior-america-esp\/paraguay-y-uruguay-intensifican-relaciones-para-exportar-programas-informaticos\/","title":{"rendered":"Paraguay y Uruguay intensifican relaciones para exportar programas inform\u00e1ticos"},"content":{"rendered":"<p>Una misi\u00f3n t\u00e9cnica y comercial de la<strong> Mesa Sectorial de Software<\/strong> de <strong>REDIEX -Red de Inversiones y Exportaciones-<\/strong> del Ministerio de Industria y Comercio, realiz\u00f3 importantes contactos y cerr\u00f3 acuerdos con empresarios y entidades del mismo rubro de Montevideo (Uruguay), entre los d\u00edas 6 y 8 de diciembre pasados.<br \/>\n<img decoding=\"async\" src=\"http:\/\/www.exportapymes.com\/comercio-exterior-america-esp\/images\/ban\/uruguay.jpg\" \/> <img decoding=\"async\" src=\"http:\/\/www.exportapymes.com\/comercio-exterior-america-esp\/images\/ban\/paraguay.jpg\" \/>   El presidente de la mesa citada, Pedro Yambay, encabez\u00f3 la delegaci\u00f3n y firm\u00f3 una carta de intenci\u00f3n por la cual la <strong>C\u00e1mara de Tecnolog\u00eda de la Informaci\u00f3n del Paraguay (CTIP)<\/strong>, la <strong>C\u00e1mara Uruguaya de Tecnolog\u00edas de la Informaci\u00f3n (CUTI)<\/strong> y la<strong> Mesa Sectorial de Software de REDIEX<\/strong>, se comprometen a &#8220;intercambiar informaci\u00f3n con vistas a identificar <strong>oportunidades de negocios<\/strong> para sus representados en el sector de las <strong>tecnolog\u00edas de la informaci\u00f3n y las comunicaciones<\/strong>&#8220;.<br \/>\n<!--more-->Igualmente, a &#8220;colaborar en la promoci\u00f3n de productos y servicios, en el sector de las tecnolog\u00edas de la informaci\u00f3n y las comunicaciones de las empresas asociadas a las entidades firmantes del presente documento&#8221;. El compromiso habla tambi\u00e9n de que &#8220;las partes trabajar\u00e1n en la organizaci\u00f3n de eventos comerciales y acad\u00e9micos, tales como rondas de negocios y seminarios, con el objetivo de fomentar las relaciones comerciales y el conocimiento en el sector de las tecnolog\u00edas de la informaci\u00f3n y las comunicaciones&#8221;.<\/p>\n<p>Adem\u00e1s, &#8220;las partes facilitar\u00e1n el intercambio de delegaciones empresariales en el marco de congresos, eventos, seminarios, exposiciones o cualquier otra actividad que se desarrolle tanto en Paraguay como en Uruguay, en beneficio de la ampliaci\u00f3n de las relaciones comerciales en el sector de las tecnolog\u00edas de la informaci\u00f3n y las comunicaciones&#8221;.<\/p>\n<p>En esta oportunidad, se hizo tambi\u00e9n la presentaci\u00f3n sobre los avances del trabajo encomendado a los consultores de la CUTI, a cargo del Ing. Marcel Mordezki, con relaci\u00f3n a la estrategia de fortalecimiento de la C\u00e1mara de Tecnolog\u00edas del Paraguay, y el proyecto de una estrategia de desarrollo del sector de las Tecnolog\u00edas de la Informaci\u00f3n en Paraguay<\/p>\n<p>Durante los d\u00edas jueves 7 y viernes 8 de diciembre, tuvieron lugar en Montevideo los encuentros entre empresarios paraguayos, uruguayos y europeos, en el marco de la Rueda de Negocios organizada por el <strong>Eurocentro Uruguay<\/strong>, dentro del <strong>Programa AL INVEST III<\/strong>. Participaron seis representantes de empresas paraguayas de Tecnolog\u00edas de la Informaci\u00f3n, con resultados sumamente auspiciosos para las mismas con el objetivo de exportar servicios de programaci\u00f3n inform\u00e1tica.<\/p>\n<p>La delegaci\u00f3n paraguaya estuvo en el acto de Apertura Oficial del evento Integra TICs, a cargo del Presidente de la CUTI, el Sr. Enrique Tucci, y el Presidente de la Rep\u00fablica Oriental del Uruguay, el Dr. Tabar\u00e9 Vazquez. Finalizado el acto, la misi\u00f3n de nuestro pa\u00eds fue al Parque Tecnol\u00f3gico Zonamerica, en donde se realiz\u00f3 una presentaci\u00f3n de los servicios y la historia de desarrollo del Parque; y se realiz\u00f3 un recorrido por las instalaciones de las empresas implantadas en el mismo.<\/p>\n<p>Los empresarios estuvieron tambi\u00e9n de visita en las instalaciones del Centro de Ensayos de Software (CES), en donde se realiz\u00f3 una reuni\u00f3n la cual estuvo dirigida por la Directora del CES, la Sra. Ana Asuaga.<\/p>\n<p>En la Facultad de Ingenier\u00eda de la Universidad ORT, fueron part\u00edcipes de una visita t\u00e9cnica a las instalaciones y laboratorios, y luego se asisti\u00f3 a una presentaci\u00f3n dirigida por el Decano de la Facultad Mario Fern\u00e1ndez C\u00edtera, con la participaci\u00f3n del Coordinador Acad\u00e9mico de Actualizaci\u00f3n Tecnol\u00f3gica Roberto Ambrosoni y el Secretario Docente de la Escuela de Tecnolog\u00eda Victor Paulos.<\/p>\n<p>Luego, la delegaci\u00f3n se traslad\u00f3 hasta las instalaciones de Ingenio, Incubadora de Empresas LATU \/ ORT, en las afueras de Montevideo, en donde se hizo una visita t\u00e9cnica a las instalaciones de las empresas que se encuentran en el proceso de incubaci\u00f3n, y se mantuvo una reuni\u00f3n con el Director de Programas, Germ\u00e1n Mart\u00ednez. Finalmente, tuvo lugar en el Radisson Victoria Plaza Hotel las reuniones con los representantes de la CUTI en prosecuci\u00f3n de las actividades conjuntas que se vienen encarando.<\/p>\n","protected":false},"excerpt":{"rendered":"<p>Una misi\u00f3n t\u00e9cnica y comercial de la Mesa Sectorial de Software de REDIEX -Red de Inversiones y Exportaciones- del Ministerio de Industria y Comercio, realiz\u00f3 importantes contactos y cerr\u00f3 acuerdos con empresarios y entidades del mismo rubro de Montevideo (Uruguay),<span class=\"ellipsis\">&hellip;<\/span><\/p>\n<div class=\"read-more\"><a href=\"https:\/\/www.exportapymes.com\/comercio-exterior-america-esp\/paraguay-y-uruguay-intensifican-relaciones-para-exportar-programas-informaticos\/\">Leer m&aacute;s &#8250;<\/a><\/div>\n<p><!-- end of .read-more --><\/p>\n","protected":false},"author":1,"featured_media":0,"comment_status":"open","ping_status":"open","sticky":false,"template":"","format":"standard","meta":{"footnotes":""},"categories":[62,24,35,32,25,29,16,27,45,19,34],"tags":[],"class_list":["post-1021","post","type-post","status-publish","format-standard","hentry","category-eurocentro-programa-al-invest","category-exportacion","category-exportador","category-exportar","category-internacionalizacion","category-mipymes","category-paraguay","category-pymes","category-rediex-red-de-inversiones-y-exportaciones","category-uruguay","category-vender"],"_links":{"self":[{"href":"https:\/\/www.exportapymes.com\/comercio-exterior-america-esp\/wp-json\/wp\/v2\/posts\/1021","targetHints":{"allow":["GET"]}}],"collection":[{"href":"https:\/\/www.exportapymes.com\/comercio-exterior-america-esp\/wp-json\/wp\/v2\/posts"}],"about":[{"href":"https:\/\/www.exportapymes.com\/comercio-exterior-america-esp\/wp-json\/wp\/v2\/types\/post"}],"author":[{"embeddable":true,"href":"https:\/\/www.exportapymes.com\/comercio-exterior-america-esp\/wp-json\/wp\/v2\/users\/1"}],"replies":[{"embeddable":true,"href":"https:\/\/www.exportapymes.com\/comercio-exterior-america-esp\/wp-json\/wp\/v2\/comments?post=1021"}],"version-history":[{"count":0,"href":"https:\/\/www.exportapymes.com\/comercio-exterior-america-esp\/wp-json\/wp\/v2\/posts\/1021\/revisions"}],"wp:attachment":[{"href":"https:\/\/www.exportapymes.com\/comercio-exterior-america-esp\/wp-json\/wp\/v2\/media?parent=1021"}],"wp:term":[{"taxonomy":"category","embeddable":true,"href":"https:\/\/www.exportapymes.com\/comercio-exterior-america-esp\/wp-json\/wp\/v2\/categories?post=1021"},{"taxonomy":"post_tag","embeddable":true,"href":"https:\/\/www.exportapymes.com\/comercio-exterior-america-esp\/wp-json\/wp\/v2\/tags?post=1021"}],"curies":[{"name":"wp","href":"https:\/\/api.w.org\/{rel}","templated":true}]}}