{"id":1023,"date":"2006-12-15T16:48:21","date_gmt":"2006-12-15T23:48:21","guid":{"rendered":"http:\/\/www.exportapymes.com\/comercio-exterior-america-esp\/promomadrid-presenta-el-programa-madrid-exporta\/"},"modified":"2006-12-15T16:48:21","modified_gmt":"2006-12-15T23:48:21","slug":"promomadrid-presenta-el-programa-madrid-exporta","status":"publish","type":"post","link":"https:\/\/www.exportapymes.com\/comercio-exterior-america-esp\/promomadrid-presenta-el-programa-madrid-exporta\/","title":{"rendered":"PromoMadrid presenta el programa \u201cMadrid Exporta\u201d"},"content":{"rendered":"<p>El Alcalde de Majadahonda, Narciso de Fox\u00e1, junto al Consejero Delegado de la empresa p\u00fablica <strong>PromoMadrid<\/strong>, Jos\u00e9 Manuel Reyero, ha presidido el acto de presentaci\u00f3n del <strong>programa Madrid Exporta<\/strong>.<br \/>\n<img decoding=\"async\" src=\"http:\/\/www.exportapymes.com\/comercio-exterior-america-esp\/images\/ban\/spain.jpg\" \/>   Junto a una amplia representaci\u00f3n de empresarios de la localidad, encabezada por el presidente de la <strong>Asociaci\u00f3n de J\u00f3venes Empresarios de Majadahonda<\/strong>, el director de <strong>internacionalizaci\u00f3n de PromoMadrid<\/strong> ha presentado este programa cuyo objetivo es <strong>promover la presencia de las PyMEs madrile\u00f1as en los mercados internacionales<\/strong> e incrementar en n\u00famero de <strong>empresas exportadoras de la regi\u00f3n<\/strong>.<\/p>\n<p><!--more-->A trav\u00e9s del contacto personal los asesores del programa reciben informaci\u00f3n directa de los problemas que ha de afrontar el empresario para <strong>salir al exterior<\/strong> y conocen de primera mano las necesidades y fortalezas de cada empresa, lo que les permite proponer alternativas y soluciones especializadas para que la empresa inicie o contin\u00fae su <strong>proceso de internacionalizaci\u00f3n<\/strong>. Mercado<\/p>\n","protected":false},"excerpt":{"rendered":"<p>El Alcalde de Majadahonda, Narciso de Fox\u00e1, junto al Consejero Delegado de la empresa p\u00fablica PromoMadrid, Jos\u00e9 Manuel Reyero, ha presidido el acto de presentaci\u00f3n del programa Madrid Exporta. Junto a una amplia representaci\u00f3n de empresarios de la localidad, encabezada<span class=\"ellipsis\">&hellip;<\/span><\/p>\n<div class=\"read-more\"><a href=\"https:\/\/www.exportapymes.com\/comercio-exterior-america-esp\/promomadrid-presenta-el-programa-madrid-exporta\/\">Leer m&aacute;s &#8250;<\/a><\/div>\n<p><!-- end of .read-more --><\/p>\n","protected":false},"author":1,"featured_media":0,"comment_status":"open","ping_status":"open","sticky":false,"template":"","format":"standard","meta":{"footnotes":""},"categories":[30,22,24,35,32,25,29,47,27],"tags":[],"class_list":["post-1023","post","type-post","status-publish","format-standard","hentry","category-comercio-exterior","category-espana","category-exportacion","category-exportador","category-exportar","category-internacionalizacion","category-mipymes","category-promomadrid","category-pymes"],"_links":{"self":[{"href":"https:\/\/www.exportapymes.com\/comercio-exterior-america-esp\/wp-json\/wp\/v2\/posts\/1023","targetHints":{"allow":["GET"]}}],"collection":[{"href":"https:\/\/www.exportapymes.com\/comercio-exterior-america-esp\/wp-json\/wp\/v2\/posts"}],"about":[{"href":"https:\/\/www.exportapymes.com\/comercio-exterior-america-esp\/wp-json\/wp\/v2\/types\/post"}],"author":[{"embeddable":true,"href":"https:\/\/www.exportapymes.com\/comercio-exterior-america-esp\/wp-json\/wp\/v2\/users\/1"}],"replies":[{"embeddable":true,"href":"https:\/\/www.exportapymes.com\/comercio-exterior-america-esp\/wp-json\/wp\/v2\/comments?post=1023"}],"version-history":[{"count":0,"href":"https:\/\/www.exportapymes.com\/comercio-exterior-america-esp\/wp-json\/wp\/v2\/posts\/1023\/revisions"}],"wp:attachment":[{"href":"https:\/\/www.exportapymes.com\/comercio-exterior-america-esp\/wp-json\/wp\/v2\/media?parent=1023"}],"wp:term":[{"taxonomy":"category","embeddable":true,"href":"https:\/\/www.exportapymes.com\/comercio-exterior-america-esp\/wp-json\/wp\/v2\/categories?post=1023"},{"taxonomy":"post_tag","embeddable":true,"href":"https:\/\/www.exportapymes.com\/comercio-exterior-america-esp\/wp-json\/wp\/v2\/tags?post=1023"}],"curies":[{"name":"wp","href":"https:\/\/api.w.org\/{rel}","templated":true}]}}