{"id":1025,"date":"2006-12-15T17:05:08","date_gmt":"2006-12-16T00:05:08","guid":{"rendered":"http:\/\/www.exportapymes.com\/comercio-exterior-america-esp\/negocios-mexicanos-apuestan-por-la-exportacion\/"},"modified":"2006-12-15T17:05:08","modified_gmt":"2006-12-16T00:05:08","slug":"negocios-mexicanos-apuestan-por-la-exportacion","status":"publish","type":"post","link":"https:\/\/www.exportapymes.com\/comercio-exterior-america-esp\/negocios-mexicanos-apuestan-por-la-exportacion\/","title":{"rendered":"Negocios mexicanos apuestan por la exportaci\u00f3n"},"content":{"rendered":"<p>Las cadenas Beleki, Dental Perfect y Banco de Cord\u00f3n Umbilical preparan maletas para incursionar por primera vez en Centro y Suram\u00e9rica, con la instalaci\u00f3n de franquicias en pa\u00edses como Guatemala, El Salvador y Brasil durante 2007, lo que supondr\u00e1 una inversi\u00f3n conjunta de ocho millones de d\u00f3lares.<br \/>\n<img decoding=\"async\" src=\"http:\/\/www.exportapymes.com\/comercio-exterior-america-esp\/images\/ban\/mexico.jpg\" \/>   El fabricante de donas miniatura Beleki ha concretado negociaciones con inversionistas de Guatemala, El Salvador y Rep\u00fablica Dominicana para instalar 60 tiendas en 2007, que significan una inversi\u00f3n de terceros y del corporativo de 1.5 millones de d\u00f3lares.<br \/>\n<!--more-->El director general de Beleki de M\u00e9xico, Julio D\u00edaz Romero, explic\u00f3 que los mercados centroamericanos son nichos con un alto potencial de crecimiento, y en especial para firmas mexicanas, debido a la afinidad cultural.<\/p>\n<p>Indic\u00f3 que la expansi\u00f3n internacional busca incentivar en los pa\u00edses centroamericanos la inversi\u00f3n del capital que llega a trav\u00e9s de remesas estadounidenses.<\/p>\n<p>Por su parte, el director general de Dental Perfect, Armando Noguera, precis\u00f3 que en el primer semestre del siguiente a\u00f1o instalar\u00e1n dos cl\u00ednicas dentales, una en Guatemala y otra en El Salvador, con un presupuesto que supera los 1.5 millones de d\u00f3lares.<\/p>\n<p>Se espera que las cl\u00ednicas generen un promedio de venta anual de 16 mil d\u00f3lares.<\/p>\n<p>En el caso del Banco de Cord\u00f3n Umbilical, Michael Myslabodski, director general de la firma, inform\u00f3 que ser\u00e1 la primera vez que nuestro pa\u00eds exporte un concepto basado en tecnolog\u00eda de punta. La idea de incursionar en Brasil y Guatemala, inicialmente, es para atender la demanda de criopreservaci\u00f3n de c\u00e9lulas madre en esos pa\u00edses. (Con informaci\u00f3n de Claudia Alc\u00e1ntara\/Finsat\/MOB). El Financiero en l\u00ednea<\/p>\n","protected":false},"excerpt":{"rendered":"<p>Las cadenas Beleki, Dental Perfect y Banco de Cord\u00f3n Umbilical preparan maletas para incursionar por primera vez en Centro y Suram\u00e9rica, con la instalaci\u00f3n de franquicias en pa\u00edses como Guatemala, El Salvador y Brasil durante 2007, lo que supondr\u00e1 una<span class=\"ellipsis\">&hellip;<\/span><\/p>\n<div class=\"read-more\"><a href=\"https:\/\/www.exportapymes.com\/comercio-exterior-america-esp\/negocios-mexicanos-apuestan-por-la-exportacion\/\">Leer m&aacute;s &#8250;<\/a><\/div>\n<p><!-- end of .read-more --><\/p>\n","protected":false},"author":1,"featured_media":0,"comment_status":"open","ping_status":"open","sticky":false,"template":"","format":"standard","meta":{"footnotes":""},"categories":[30,24,13,29,27,34,33],"tags":[],"class_list":["post-1025","post","type-post","status-publish","format-standard","hentry","category-comercio-exterior","category-exportacion","category-mexico","category-mipymes","category-pymes","category-vender","category-venta"],"_links":{"self":[{"href":"https:\/\/www.exportapymes.com\/comercio-exterior-america-esp\/wp-json\/wp\/v2\/posts\/1025","targetHints":{"allow":["GET"]}}],"collection":[{"href":"https:\/\/www.exportapymes.com\/comercio-exterior-america-esp\/wp-json\/wp\/v2\/posts"}],"about":[{"href":"https:\/\/www.exportapymes.com\/comercio-exterior-america-esp\/wp-json\/wp\/v2\/types\/post"}],"author":[{"embeddable":true,"href":"https:\/\/www.exportapymes.com\/comercio-exterior-america-esp\/wp-json\/wp\/v2\/users\/1"}],"replies":[{"embeddable":true,"href":"https:\/\/www.exportapymes.com\/comercio-exterior-america-esp\/wp-json\/wp\/v2\/comments?post=1025"}],"version-history":[{"count":0,"href":"https:\/\/www.exportapymes.com\/comercio-exterior-america-esp\/wp-json\/wp\/v2\/posts\/1025\/revisions"}],"wp:attachment":[{"href":"https:\/\/www.exportapymes.com\/comercio-exterior-america-esp\/wp-json\/wp\/v2\/media?parent=1025"}],"wp:term":[{"taxonomy":"category","embeddable":true,"href":"https:\/\/www.exportapymes.com\/comercio-exterior-america-esp\/wp-json\/wp\/v2\/categories?post=1025"},{"taxonomy":"post_tag","embeddable":true,"href":"https:\/\/www.exportapymes.com\/comercio-exterior-america-esp\/wp-json\/wp\/v2\/tags?post=1025"}],"curies":[{"name":"wp","href":"https:\/\/api.w.org\/{rel}","templated":true}]}}