{"id":1027,"date":"2006-12-18T16:13:21","date_gmt":"2006-12-18T23:13:21","guid":{"rendered":"http:\/\/www.exportapymes.com\/comercio-exterior-america-esp\/la-camara-de-huesca-organiza-actividades-sobre-exportacion-y-emprendedores\/"},"modified":"2006-12-18T16:13:21","modified_gmt":"2006-12-18T23:13:21","slug":"la-camara-de-huesca-organiza-actividades-sobre-exportacion-y-emprendedores","status":"publish","type":"post","link":"https:\/\/www.exportapymes.com\/comercio-exterior-america-esp\/la-camara-de-huesca-organiza-actividades-sobre-exportacion-y-emprendedores\/","title":{"rendered":"La C\u00e1mara de Huesca organiza actividades sobre exportaci\u00f3n y emprendedores"},"content":{"rendered":"<p>La <strong>C\u00e1mara de Comercio e Industria de la provincia de Huesca<\/strong> ha organizado esta semana dos actividades, una de ellas sobre <strong>emprendedores<\/strong> y otra para abordar la <strong>exportaci\u00f3n<\/strong>.<br \/>\n<img decoding=\"async\" src=\"http:\/\/www.exportapymes.com\/comercio-exterior-america-esp\/images\/ban\/spain.jpg\" \/>   La primera es una conferencia con el t\u00edtulo \u201cEmprender, una alternativa real\u201d, con la ponente Ana Hern\u00e1ndez Serena, de AV Asesores, que tendr\u00e1 lugar hoy, de 10,30 a 12 horas, en el sal\u00f3n de actos de la C\u00e1mara.<br \/>\n<!--more-->El objetivo es motivar a los asistentes para que se planteen la alternativa de la creaci\u00f3n de empresas como un camino posible hacia la inserci\u00f3n laboral o como mejora de empleo, adecu\u00e1ndolo a su formaci\u00f3n o a sus intereses. El programa responde a cuestiones como \u00bfpor qu\u00e9 emprender?, \u00bfqu\u00e9 posibilidades hay de emprender en Huesca?, \u00bfqu\u00e9 tendr\u00eda que hacer si quiero emprender? o \u00bfqu\u00e9 errores hay que evitar?. Alto Arag\u00f3n<\/p>\n","protected":false},"excerpt":{"rendered":"<p>La C\u00e1mara de Comercio e Industria de la provincia de Huesca ha organizado esta semana dos actividades, una de ellas sobre emprendedores y otra para abordar la exportaci\u00f3n. La primera es una conferencia con el t\u00edtulo \u201cEmprender, una alternativa real\u201d,<span class=\"ellipsis\">&hellip;<\/span><\/p>\n<div class=\"read-more\"><a href=\"https:\/\/www.exportapymes.com\/comercio-exterior-america-esp\/la-camara-de-huesca-organiza-actividades-sobre-exportacion-y-emprendedores\/\">Leer m&aacute;s &#8250;<\/a><\/div>\n<p><!-- end of .read-more --><\/p>\n","protected":false},"author":1,"featured_media":0,"comment_status":"open","ping_status":"open","sticky":false,"template":"","format":"standard","meta":{"footnotes":""},"categories":[22,24,35,29,27],"tags":[],"class_list":["post-1027","post","type-post","status-publish","format-standard","hentry","category-espana","category-exportacion","category-exportador","category-mipymes","category-pymes"],"_links":{"self":[{"href":"https:\/\/www.exportapymes.com\/comercio-exterior-america-esp\/wp-json\/wp\/v2\/posts\/1027","targetHints":{"allow":["GET"]}}],"collection":[{"href":"https:\/\/www.exportapymes.com\/comercio-exterior-america-esp\/wp-json\/wp\/v2\/posts"}],"about":[{"href":"https:\/\/www.exportapymes.com\/comercio-exterior-america-esp\/wp-json\/wp\/v2\/types\/post"}],"author":[{"embeddable":true,"href":"https:\/\/www.exportapymes.com\/comercio-exterior-america-esp\/wp-json\/wp\/v2\/users\/1"}],"replies":[{"embeddable":true,"href":"https:\/\/www.exportapymes.com\/comercio-exterior-america-esp\/wp-json\/wp\/v2\/comments?post=1027"}],"version-history":[{"count":0,"href":"https:\/\/www.exportapymes.com\/comercio-exterior-america-esp\/wp-json\/wp\/v2\/posts\/1027\/revisions"}],"wp:attachment":[{"href":"https:\/\/www.exportapymes.com\/comercio-exterior-america-esp\/wp-json\/wp\/v2\/media?parent=1027"}],"wp:term":[{"taxonomy":"category","embeddable":true,"href":"https:\/\/www.exportapymes.com\/comercio-exterior-america-esp\/wp-json\/wp\/v2\/categories?post=1027"},{"taxonomy":"post_tag","embeddable":true,"href":"https:\/\/www.exportapymes.com\/comercio-exterior-america-esp\/wp-json\/wp\/v2\/tags?post=1027"}],"curies":[{"name":"wp","href":"https:\/\/api.w.org\/{rel}","templated":true}]}}