{"id":1061,"date":"2007-01-17T14:50:48","date_gmt":"2007-01-17T21:50:48","guid":{"rendered":"http:\/\/www.exportapymes.com\/comercio-exterior-america-esp\/uruguay-tiene-previsto-firmar-un-tlc-con-chile\/"},"modified":"2007-01-17T14:50:48","modified_gmt":"2007-01-17T21:50:48","slug":"uruguay-tiene-previsto-firmar-un-tlc-con-chile","status":"publish","type":"post","link":"https:\/\/www.exportapymes.com\/comercio-exterior-america-esp\/uruguay-tiene-previsto-firmar-un-tlc-con-chile\/","title":{"rendered":"Uruguay tiene previsto firmar un TLC con Chile"},"content":{"rendered":"<p><strong>Uruguay desea firmar un Tratado de Libre Comercio con Chile<\/strong>. La idea surgi\u00f3 cuando se reunieron ambos ministros del ramo en Santiago. Para Chile el TLC con Uruguay significa acceder a terceros mercados y conseguir una alianza estrat\u00e9gica, mientras que para Uruguay significa crear asociaciones empresariales.<br \/>\n<img decoding=\"async\" src=\"http:\/\/www.exportapymes.com\/comercio-exterior-america-esp\/images\/ban\/uruguay.jpg\" \/>  <img decoding=\"async\" src=\"http:\/\/www.exportapymes.com\/comercio-exterior-america-esp\/images\/ban\/chile.jpg\" \/>  El Gobierno de Uruguay desea firmar un Tratado de Libre Comercio con Chile. La idea habr\u00eda surgido en una reuni\u00f3n realizada en Santiago entre el ministro de Hacienda, \u00c1ndr\u00e9s Velasco y el ministro de Econom\u00eda de Uruguay, Danilo Astori.<br \/>\n<!--more-->Desde entonces, el presidente Tabar\u00e9 V\u00e1squez se comprometi\u00f3 a firma un <strong>Tratado de Libre Comercio con Chile<\/strong>. Se espera que Tabar\u00e9 firme el TLC en marzo, cuando se reuna con su hom\u00f3loga chilena Michelle Bachelet.<\/p>\n<p>Carlos Pita, embajador de Uruguay en Chile, dijo que tanto Chile como Uruguay son miembros de la <strong>Asociaci\u00f3n Latinoamericana de Integraci\u00f3n (Aladi)<\/strong>. Pita explic\u00f3 que se creer\u00e1 una comisi\u00f3n binacional con el prop\u00f3sito de estudiar qu\u00e9 porcentajes de productos uruguayos pueden venderse a Chile y \u201cpromover sobre esa base asociaciones empresariales de complementaci\u00f3n productiva con uruguayos\u201d. Seg\u00fan Pita, Uruguay ser\u00eda una plataforma para que Chile pueda acceder a terceros mercados. Adem\u00e1s, se buscar\u00eda conseguir una \u2018alianza estrat\u00e9gica\u2019 con el fin de contrarrestar los problemas que tiene con Brasil y Argentina.<\/p>\n<p>Uruguay debe pedir permiso al<strong> Mercosur<\/strong> si desea firmar un <strong>Tratado de Libre Comercio con Chile<\/strong>. Los pa\u00edses que forman el Mercosur son Argentina, Brasil, Paraguay, Uruguay Venezuela y los pa\u00edses peque\u00f1os (como Uruguay o Paraguay) se quejan ante los pa\u00edses grandes que ellos no asumen las asimetr\u00edas. El embajador de Uruguay defiende que los pa\u00edses del Mercosur deber\u00edan dejar que Uruguay firme un TLC con Chile, sin que eso signifique abandonar el Mercosur. La Segunda<\/p>\n","protected":false},"excerpt":{"rendered":"<p>Uruguay desea firmar un Tratado de Libre Comercio con Chile. La idea surgi\u00f3 cuando se reunieron ambos ministros del ramo en Santiago. Para Chile el TLC con Uruguay significa acceder a terceros mercados y conseguir una alianza estrat\u00e9gica, mientras que<span class=\"ellipsis\">&hellip;<\/span><\/p>\n<div class=\"read-more\"><a href=\"https:\/\/www.exportapymes.com\/comercio-exterior-america-esp\/uruguay-tiene-previsto-firmar-un-tlc-con-chile\/\">Leer m&aacute;s &#8250;<\/a><\/div>\n<p><!-- end of .read-more --><\/p>\n","protected":false},"author":1,"featured_media":0,"comment_status":"open","ping_status":"open","sticky":false,"template":"","format":"standard","meta":{"footnotes":""},"categories":[4,30,25,19],"tags":[],"class_list":["post-1061","post","type-post","status-publish","format-standard","hentry","category-chile","category-comercio-exterior","category-internacionalizacion","category-uruguay"],"_links":{"self":[{"href":"https:\/\/www.exportapymes.com\/comercio-exterior-america-esp\/wp-json\/wp\/v2\/posts\/1061","targetHints":{"allow":["GET"]}}],"collection":[{"href":"https:\/\/www.exportapymes.com\/comercio-exterior-america-esp\/wp-json\/wp\/v2\/posts"}],"about":[{"href":"https:\/\/www.exportapymes.com\/comercio-exterior-america-esp\/wp-json\/wp\/v2\/types\/post"}],"author":[{"embeddable":true,"href":"https:\/\/www.exportapymes.com\/comercio-exterior-america-esp\/wp-json\/wp\/v2\/users\/1"}],"replies":[{"embeddable":true,"href":"https:\/\/www.exportapymes.com\/comercio-exterior-america-esp\/wp-json\/wp\/v2\/comments?post=1061"}],"version-history":[{"count":0,"href":"https:\/\/www.exportapymes.com\/comercio-exterior-america-esp\/wp-json\/wp\/v2\/posts\/1061\/revisions"}],"wp:attachment":[{"href":"https:\/\/www.exportapymes.com\/comercio-exterior-america-esp\/wp-json\/wp\/v2\/media?parent=1061"}],"wp:term":[{"taxonomy":"category","embeddable":true,"href":"https:\/\/www.exportapymes.com\/comercio-exterior-america-esp\/wp-json\/wp\/v2\/categories?post=1061"},{"taxonomy":"post_tag","embeddable":true,"href":"https:\/\/www.exportapymes.com\/comercio-exterior-america-esp\/wp-json\/wp\/v2\/tags?post=1061"}],"curies":[{"name":"wp","href":"https:\/\/api.w.org\/{rel}","templated":true}]}}