{"id":1069,"date":"2007-01-22T17:54:12","date_gmt":"2007-01-23T00:54:12","guid":{"rendered":"http:\/\/www.exportapymes.com\/comercio-exterior-america-esp\/exporta-realiza-taller-sobre-exportacion-de-servicios\/"},"modified":"2007-01-22T17:54:12","modified_gmt":"2007-01-23T00:54:12","slug":"exporta-realiza-taller-sobre-exportacion-de-servicios","status":"publish","type":"post","link":"https:\/\/www.exportapymes.com\/comercio-exterior-america-esp\/exporta-realiza-taller-sobre-exportacion-de-servicios\/","title":{"rendered":"Exporta realiza taller sobre exportaci\u00f3n de servicios"},"content":{"rendered":"<p>La<strong> Agencia de Promoci\u00f3n de Exportaciones de El Salvador (EXPORTA)<\/strong>, present\u00f3 la conferencia \u201c<strong>Como exportar servicios con \u00e9xito<\/strong>\u201d, dicha conferencia estuvo presidida por la Sra. Ana Vilma de Escobar, Vicepresidenta de la Rep\u00fablica en compa\u00f1\u00eda de funcionarios y representes diversas instituciones como, <strong>COEXPORT, GTZ, ITC, MINEC<\/strong> e invitados especiales del Sector Servicios.<br \/>\n<img decoding=\"async\" src=\"http:\/\/www.exportapymes.com\/comercio-exterior-america-esp\/images\/ban\/el_salvador.jpg\" \/>   <strong>EXPORTA<\/strong>, en coordinaci\u00f3n con el <strong>Centro Internacional de Comercio (ITC)<\/strong>, present\u00f3 este  trabajo conjunto que estar\u00e1n realizando para fortalecer e impulsar las <strong>exportaciones del Sector Servicios<\/strong>.<br \/>\n<!--more-->Esta es una de las diversas  alternativas con las que cuentan las <strong>empresas para internacionalizarse<\/strong>, es decir, para insertarse de manera exitosa en <strong>mercados internacionales<\/strong>. <\/p>\n<p>Este tipo de acciones encaminadas a proveer a los empresarios salvadore\u00f1os herramientas que fortalezcan sus procesos son determinantes, especialmente en un sector en el cual los servicios encierran aspectos intangibles invalorables porque son el resultado del capital intelectual y del conocimiento. Mientras m\u00e1s especializado un servicio es, m\u00e1s alto su valor, independientemente del tama\u00f1o de la empresa que lo provee y de su capital de trabajo, lo que hace la <strong>exportaci\u00f3n de servicios<\/strong> una oportunidad interesante especialmente para <strong>peque\u00f1as empresas<\/strong>, enfatizo la Sra. Vicepresidenta de la Rep\u00fablica.<\/p>\n<p>En repetidas oportunidades, hemos anunciado lo importante que es para nosotros, apoyar decididamente los mecanismos que permitan mejorar el <strong>proceso exportador  de las empresas<\/strong> de cara a los mercados internacionales, y mayormente  en estos momentos en que contamos con distintos tratados de libre comercio con EEUU, M\u00e9xico, Panam\u00e1, Rep\u00fablica Dominicana, Chile y EE.UU, as\u00ed como los que se est\u00e1n negociando con Canad\u00e1 y la Uni\u00f3n Europea, se est\u00e1n  ampliado en forma exponencial las oportunidades de poder penetrar con mayor \u00e9xitos los mercados a los cuales las <strong>empresas salvadore\u00f1as<\/strong> tienen acceso.<\/p>\n<p>Es en este contexto que <strong>Exporta El Salvador<\/strong>, trabaja en con diversas instituciones nacionales as\u00ed como Internacionales, como es el caso que hoy nos ocupa de tener representantes del importante organismo <strong>International Trade Center<\/strong> \u2013 <strong>ITC<\/strong>, GINEBRA, finaliz\u00f3 la Sra. Vicepresidenta de la Rep\u00fablica y Presidenta de <strong>Exporta El Salvador<\/strong>.<\/p>\n<p>Esta conferencia viene a sumarse a toda una serie de  eventos que se han venido trabajando con el apoyo de diversos organismos internacionales como  la<strong> Cooperaci\u00f3n Alemana, GTZ, ITC<\/strong>, as\u00ed como instituciones de apoyo a nivel nacional,  con el objetivo de proveer al empresario elementos y herramientas para su respectivo an\u00e1lisis,  los cuales los llevar\u00e1 a aplicar  las mejores estrategias para <strong>promover la exportaci\u00f3n de servicios profesionales<\/strong>.<\/p>\n","protected":false},"excerpt":{"rendered":"<p>La Agencia de Promoci\u00f3n de Exportaciones de El Salvador (EXPORTA), present\u00f3 la conferencia \u201cComo exportar servicios con \u00e9xito\u201d, dicha conferencia estuvo presidida por la Sra. Ana Vilma de Escobar, Vicepresidenta de la Rep\u00fablica en compa\u00f1\u00eda de funcionarios y representes diversas<span class=\"ellipsis\">&hellip;<\/span><\/p>\n<div class=\"read-more\"><a href=\"https:\/\/www.exportapymes.com\/comercio-exterior-america-esp\/exporta-realiza-taller-sobre-exportacion-de-servicios\/\">Leer m&aacute;s &#8250;<\/a><\/div>\n<p><!-- end of .read-more --><\/p>\n","protected":false},"author":1,"featured_media":0,"comment_status":"open","ping_status":"open","sticky":false,"template":"","format":"standard","meta":{"footnotes":""},"categories":[9,41,24,35,32,25,29,27],"tags":[],"class_list":["post-1069","post","type-post","status-publish","format-standard","hentry","category-el-salvador","category-exporta-promocion-de-eportaciones-de-el-salvador","category-exportacion","category-exportador","category-exportar","category-internacionalizacion","category-mipymes","category-pymes"],"_links":{"self":[{"href":"https:\/\/www.exportapymes.com\/comercio-exterior-america-esp\/wp-json\/wp\/v2\/posts\/1069","targetHints":{"allow":["GET"]}}],"collection":[{"href":"https:\/\/www.exportapymes.com\/comercio-exterior-america-esp\/wp-json\/wp\/v2\/posts"}],"about":[{"href":"https:\/\/www.exportapymes.com\/comercio-exterior-america-esp\/wp-json\/wp\/v2\/types\/post"}],"author":[{"embeddable":true,"href":"https:\/\/www.exportapymes.com\/comercio-exterior-america-esp\/wp-json\/wp\/v2\/users\/1"}],"replies":[{"embeddable":true,"href":"https:\/\/www.exportapymes.com\/comercio-exterior-america-esp\/wp-json\/wp\/v2\/comments?post=1069"}],"version-history":[{"count":0,"href":"https:\/\/www.exportapymes.com\/comercio-exterior-america-esp\/wp-json\/wp\/v2\/posts\/1069\/revisions"}],"wp:attachment":[{"href":"https:\/\/www.exportapymes.com\/comercio-exterior-america-esp\/wp-json\/wp\/v2\/media?parent=1069"}],"wp:term":[{"taxonomy":"category","embeddable":true,"href":"https:\/\/www.exportapymes.com\/comercio-exterior-america-esp\/wp-json\/wp\/v2\/categories?post=1069"},{"taxonomy":"post_tag","embeddable":true,"href":"https:\/\/www.exportapymes.com\/comercio-exterior-america-esp\/wp-json\/wp\/v2\/tags?post=1069"}],"curies":[{"name":"wp","href":"https:\/\/api.w.org\/{rel}","templated":true}]}}