{"id":1080,"date":"2007-01-25T16:11:48","date_gmt":"2007-01-25T23:11:48","guid":{"rendered":"http:\/\/www.exportapymes.com\/comercio-exterior-america-esp\/tlc-centroamerica-ue-a-punto-de-lanzamiento\/"},"modified":"2007-01-25T16:11:48","modified_gmt":"2007-01-25T23:11:48","slug":"tlc-centroamerica-ue-a-punto-de-lanzamiento","status":"publish","type":"post","link":"https:\/\/www.exportapymes.com\/comercio-exterior-america-esp\/tlc-centroamerica-ue-a-punto-de-lanzamiento\/","title":{"rendered":"TLC Centro\u00e1merica-UE a punto de lanzamiento"},"content":{"rendered":"<p>Los pa\u00edses centroamericanos se ponen de acuerdo para negociar un <strong>Tratado de Libre Comercio (TLC)<\/strong> con la <strong>Uni\u00f3n Europea (UE)<\/strong>, una de las econom\u00edas m\u00e1s importantes del mundo y ejemplo de integraci\u00f3n para la regi\u00f3n.<br \/>\n<img decoding=\"async\" src=\"http:\/\/www.exportapymes.com\/comercio-exterior-america-esp\/images\/ban\/centroamerica.jpg\" \/>   Los gobiernos de El Salvador, Guatemala, Honduras, Nicaragua y Panam\u00e1, volver\u00e1n a unirse, tal y como hicieron cuando negociaron un tratado comercial con los Estados Unidos, con el fin de lograr ventajas comerciales con la UE.<br \/>\n<!--more-->En el Marco de la IV Cumbre Am\u00e9rica Latina \u2013 Uni\u00f3n Europea, realizado en mayo del pasado a\u00f1o, las autoridades de ambas regiones anunciaron el inicio de las negociaciones de un Acuerdo de Asociaci\u00f3n que incluye una Zona de Libre Comercio.<\/p>\n<p>La Uni\u00f3n Europea es el donante m\u00e1s importante de Centroam\u00e9rica y, a su vez, es el segundo mercado en importancia para el Istmo en cuanto a exportaciones e importaciones, despu\u00e9s de los Estados Unidos. El mercado europeo representa el 14 por ciento del comercio exterior de los pa\u00edses centroamericanos. No ocurre lo mismo a la inversa, pues el mercado de Centroam\u00e9rica supone s\u00f3lo un 0,4 por ciento de los intercambios comerciales de la UE.<\/p>\n<p>La primera idea de los europeos fue negociar un posible TLC equiparado con el que actualmente la UE tiene con M\u00e9xico. Sin embargo, esto podr\u00eda no ser conveniente para Centroam\u00e9rica ya que el tratado con M\u00e9xico no tiene una participaci\u00f3n importante de la agricultura, y Centroam\u00e9rica s\u00ed desea tenerla. El primer opositor a este planteamiento fue Costa Rica, el pa\u00eds que exporta mayor cantidad de productos agr\u00edcolas a Europa (los flujos de comercio de este pa\u00eds con la UE alcanzaron en el 2005 1.100 millones de d\u00f3lares en exportaciones y 1.200 millones en importaciones).<\/p>\n<p>Los pa\u00edses centroamericanos han planteado sus inquietudes a los representantes europeos y acordaron buscar la forma que les permitiera comenzar las negociaciones lo antes posible. La fase exploratoria, ya iniciada, implica un estudio de las opciones de mercado, el an\u00e1lisis de las ventajas y desventajas del posible acuerdo, la determinaci\u00f3n de las \u00e1reas cr\u00edticas y la evaluaci\u00f3n de reglamentaciones, para pasar despu\u00e9s a redactar las propuestas que se discutir\u00edan en la mesa de negociaciones.<\/p>\n<p>Es importante el logro de avances en la fase exploratoria debido a que la Uni\u00f3n Europea quiere tener una negociaci\u00f3n a trav\u00e9s de un \u00fanico interlocutor, con el fin de llegar a un acuerdo id\u00e9ntico en todos sus alcances para cada uno de los pa\u00edses centroamericanos. La tesis europea es que la regi\u00f3n puede negociar unida y llegar a acuerdos comunes. Sin embargo, los centroamericanos creen que la representaci\u00f3n individual de los cinco pa\u00edses es necesaria, y ya han surgido ciertas discrepancias con respecto a la elecci\u00f3n del coordinador \u00fanico.<\/p>\n<p>El presidente de Costa Rica, Oscar Arias, asegur\u00f3 que se revisar\u00e1 la decisi\u00f3n tomada por los mandatarios centroamericanos con respecto a la elecci\u00f3n del canciller nicarag\u00fcense Norman Caldera, como coordinador de las negociaciones para el acuerdo de asociaci\u00f3n con la Uni\u00f3n Europea (UE).<\/p>\n<p>La Uni\u00f3n Europea es m\u00e1s que un socio comercial estrat\u00e9gico, tambi\u00e9n representa una experiencia exitosa de integraci\u00f3n que tiene mucho aprendido sobre ese tema y muestra inter\u00e9s en fomentarlo en otras regiones del mundo. Por lo tanto, la posibilidad de utilizar este conocimiento y el acuerdo comercial para construir algo que ayude al proceso de integraci\u00f3n centroamericana es una ventaja para el Istmo, adem\u00e1s es un gran aliado para futuros tratados. El acuerdo de asociaci\u00f3n, que incluye comercio, di\u00e1logo pol\u00edtico y cooperaci\u00f3n, se puede comenzar a negociar el pr\u00f3ximo a\u00f1o. Ciberam\u00e9rica<\/p>\n","protected":false},"excerpt":{"rendered":"<p>Los pa\u00edses centroamericanos se ponen de acuerdo para negociar un Tratado de Libre Comercio (TLC) con la Uni\u00f3n Europea (UE), una de las econom\u00edas m\u00e1s importantes del mundo y ejemplo de integraci\u00f3n para la regi\u00f3n. Los gobiernos de El Salvador,<span class=\"ellipsis\">&hellip;<\/span><\/p>\n<div class=\"read-more\"><a href=\"https:\/\/www.exportapymes.com\/comercio-exterior-america-esp\/tlc-centroamerica-ue-a-punto-de-lanzamiento\/\">Leer m&aacute;s &#8250;<\/a><\/div>\n<p><!-- end of .read-more --><\/p>\n","protected":false},"author":1,"featured_media":0,"comment_status":"open","ping_status":"open","sticky":false,"template":"","format":"standard","meta":{"footnotes":""},"categories":[25],"tags":[],"class_list":["post-1080","post","type-post","status-publish","format-standard","hentry","category-internacionalizacion"],"_links":{"self":[{"href":"https:\/\/www.exportapymes.com\/comercio-exterior-america-esp\/wp-json\/wp\/v2\/posts\/1080","targetHints":{"allow":["GET"]}}],"collection":[{"href":"https:\/\/www.exportapymes.com\/comercio-exterior-america-esp\/wp-json\/wp\/v2\/posts"}],"about":[{"href":"https:\/\/www.exportapymes.com\/comercio-exterior-america-esp\/wp-json\/wp\/v2\/types\/post"}],"author":[{"embeddable":true,"href":"https:\/\/www.exportapymes.com\/comercio-exterior-america-esp\/wp-json\/wp\/v2\/users\/1"}],"replies":[{"embeddable":true,"href":"https:\/\/www.exportapymes.com\/comercio-exterior-america-esp\/wp-json\/wp\/v2\/comments?post=1080"}],"version-history":[{"count":0,"href":"https:\/\/www.exportapymes.com\/comercio-exterior-america-esp\/wp-json\/wp\/v2\/posts\/1080\/revisions"}],"wp:attachment":[{"href":"https:\/\/www.exportapymes.com\/comercio-exterior-america-esp\/wp-json\/wp\/v2\/media?parent=1080"}],"wp:term":[{"taxonomy":"category","embeddable":true,"href":"https:\/\/www.exportapymes.com\/comercio-exterior-america-esp\/wp-json\/wp\/v2\/categories?post=1080"},{"taxonomy":"post_tag","embeddable":true,"href":"https:\/\/www.exportapymes.com\/comercio-exterior-america-esp\/wp-json\/wp\/v2\/tags?post=1080"}],"curies":[{"name":"wp","href":"https:\/\/api.w.org\/{rel}","templated":true}]}}