{"id":1098,"date":"2007-01-30T20:11:09","date_gmt":"2007-01-31T03:11:09","guid":{"rendered":"http:\/\/www.exportapymes.com\/comercio-exterior-america-esp\/comercio-electronico-para-la-pyme-exportadora\/"},"modified":"2007-06-21T14:33:00","modified_gmt":"2007-06-21T21:33:00","slug":"comercio-electronico-para-la-pyme-exportadora","status":"publish","type":"post","link":"https:\/\/www.exportapymes.com\/comercio-exterior-america-esp\/comercio-electronico-para-la-pyme-exportadora\/","title":{"rendered":"Comercio electr\u00f3nico para la PyME exportadora"},"content":{"rendered":"<p>NAVARRA, PAMPLONA 8\/02\/07 <br \/>\nEste <strong>seminario<\/strong> trata, en primer lugar, de delimitar el alcance del t\u00e9rmino<strong> comercio electr\u00f3nico<\/strong> para, a continuaci\u00f3n, analizar de forma detallada las alternativas y los elementos que influir\u00e1n decisivamente en el resultado final de un <strong>proyecto de comercio electr\u00f3nico<\/strong>. El objetivo del<strong> seminario<\/strong> es, por tanto, dotar a los participantes de un m\u00e9todo y una base de conocimientos que les permita determinar c\u00f3mo deber\u00eda ser y c\u00f3mo se deber\u00eda gestionar su <strong>comercio virtual<\/strong> orientado a la <strong>exportaci\u00f3n<\/strong>, qu\u00e9 alternativas tiene a su alcance y cu\u00e1les son los problemas que deber\u00eda evitar.<br \/>\n<img decoding=\"async\" src=\"http:\/\/www.exportapymes.com\/comercio-exterior-america-esp\/images\/ban\/spain.jpg\" \/><\/p>\n<p><!--more--><\/p>\n<p><strong>Comercio electr\u00f3nico para la pyme exportadora<\/strong><br \/>\nPrograma<\/p>\n<p>9,30 Recepci\u00f3n de asistentes<\/p>\n<p>9,45 Apertura<\/p>\n<p>10,00 INTRODUCCI\u00d3N: INTERNET Y PYME EXPORTADORA<br \/>\nEl nuevo paradigma: la Empresa en red. Taxonom\u00eda de los sitios web. Nombrede dominio. Idiomas y el gestor de contenidos. Alojamiento de la web: ISP. Mapa de la web y funcionalidades.<\/p>\n<p>10,45 CREACI\u00d3N DEL COMERCIO ELECTR\u00d3NICO DE LA PYME EXPORTADORA<br \/>\nCreaci\u00f3n de comercios virtuales: sistemas on line, de c\u00f3digo libre (Open Source), \u201cpropietarios\u201d y desarrollos a medida. La creaci\u00f3n del cat\u00e1logo. Surtido y precios: \u00bfnormales o especiales? Medios de env\u00edo y forma de cobro en el exterior. Integraci\u00f3n de datos. Consejos y recomendaciones pr\u00e1cticas. Errores a evitar.<\/p>\n<p>11,45 Pausa caf\u00e9<\/p>\n<p>12,00 ATRAYENDO AL CLIENTE<br \/>\nBuscadores, directorios y otra presencia on line. Ideas clave sobre posicionamiento en buscadores. Publicidad PCP. \u201cPublicity\u201d: blogs, wikis, sindicaci\u00f3n XML y otros medios on line.<\/p>\n<p>12,45 FIDELIZAR, VENDER: EL D\u00cdA A D\u00cdA DE LA WEB<br \/>\nMantenimiento de la web y contenidos. Atenci\u00f3n al cliente extranjero. Usando Skype. Boletines de noticias y e-mail marketing. Google Analytics con comercio electr\u00f3nico.<\/p>\n<p>13:00 COLOQUIO<\/p>\n<p>14,00 CLAUSURA<\/p>\n<p>Ponente: Jos\u00e9 Manuel I\u00e1\u00f1ez. ADE. Socio-Director de I\u00e1\u00f1ez &#038; Tapia<\/p>\n<p><em>&#8211; Lugar de celebraci\u00f3n<\/em> <br \/>\nC\u00e1mara Navarra de Comercio e Industria <br \/>\nGeneral Chinchilla, 4   <br \/>\nPAMPLONA  31002  NAVARRA  <br \/>\nAsistencia gratuita     <\/p>\n<p><em>&#8211; Informaci\u00f3n e Inscripciones:<\/em> <br \/>\nDirecci\u00f3n Territorial de Comercio &#8211; Icex en Navarra <br \/>\nPl. del V\u00ednculo, 5 &#8211; 3\u00ba <br \/>\nPAMPLONA  31002  NAVARRA  <br \/>\nMarta Llorente Mateo <br \/>\nTlf: 948 20 37 08 <br \/>\nFax: 948 22 62 76 <br \/>\nCorreo electr\u00f3nico: <a href=\"mailto:pamplona@mcx.es\">pamplona@mcx.es<\/a> <br \/>\n&#8211; <strong>Instituto Espa\u00f1ol de Comercio Exterior (ICEX)<\/strong><\/p>\n","protected":false},"excerpt":{"rendered":"<p>NAVARRA, PAMPLONA 8\/02\/07 Este seminario trata, en primer lugar, de delimitar el alcance del t\u00e9rmino comercio electr\u00f3nico para, a continuaci\u00f3n, analizar de forma detallada las alternativas y los elementos que influir\u00e1n decisivamente en el resultado final de un proyecto de<span class=\"ellipsis\">&hellip;<\/span><\/p>\n<div class=\"read-more\"><a href=\"https:\/\/www.exportapymes.com\/comercio-exterior-america-esp\/comercio-electronico-para-la-pyme-exportadora\/\">Leer m&aacute;s &#8250;<\/a><\/div>\n<p><!-- end of .read-more --><\/p>\n","protected":false},"author":1,"featured_media":0,"comment_status":"open","ping_status":"open","sticky":false,"template":"","format":"standard","meta":{"footnotes":""},"categories":[28,56,30,22,24,35,32,37,38,29,27,49],"tags":[],"class_list":["post-1098","post","type-post","status-publish","format-standard","hentry","category-capacitacion","category-comercio-electronico","category-comercio-exterior","category-espana","category-exportacion","category-exportador","category-exportar","category-icex","category-instituto-espanol-de-comercio-exterior","category-mipymes","category-pymes","category-pymex"],"_links":{"self":[{"href":"https:\/\/www.exportapymes.com\/comercio-exterior-america-esp\/wp-json\/wp\/v2\/posts\/1098","targetHints":{"allow":["GET"]}}],"collection":[{"href":"https:\/\/www.exportapymes.com\/comercio-exterior-america-esp\/wp-json\/wp\/v2\/posts"}],"about":[{"href":"https:\/\/www.exportapymes.com\/comercio-exterior-america-esp\/wp-json\/wp\/v2\/types\/post"}],"author":[{"embeddable":true,"href":"https:\/\/www.exportapymes.com\/comercio-exterior-america-esp\/wp-json\/wp\/v2\/users\/1"}],"replies":[{"embeddable":true,"href":"https:\/\/www.exportapymes.com\/comercio-exterior-america-esp\/wp-json\/wp\/v2\/comments?post=1098"}],"version-history":[{"count":0,"href":"https:\/\/www.exportapymes.com\/comercio-exterior-america-esp\/wp-json\/wp\/v2\/posts\/1098\/revisions"}],"wp:attachment":[{"href":"https:\/\/www.exportapymes.com\/comercio-exterior-america-esp\/wp-json\/wp\/v2\/media?parent=1098"}],"wp:term":[{"taxonomy":"category","embeddable":true,"href":"https:\/\/www.exportapymes.com\/comercio-exterior-america-esp\/wp-json\/wp\/v2\/categories?post=1098"},{"taxonomy":"post_tag","embeddable":true,"href":"https:\/\/www.exportapymes.com\/comercio-exterior-america-esp\/wp-json\/wp\/v2\/tags?post=1098"}],"curies":[{"name":"wp","href":"https:\/\/api.w.org\/{rel}","templated":true}]}}