{"id":1107,"date":"2007-02-06T15:01:03","date_gmt":"2007-02-06T22:01:03","guid":{"rendered":"http:\/\/www.exportapymes.com\/comercio-exterior-america-esp\/programa-internacionalizacion-de-pymes\/"},"modified":"2007-02-06T15:21:38","modified_gmt":"2007-02-06T22:21:38","slug":"programa-internacionalizacion-de-pymes","status":"publish","type":"post","link":"https:\/\/www.exportapymes.com\/comercio-exterior-america-esp\/programa-internacionalizacion-de-pymes\/","title":{"rendered":"Programa Internacionalizaci\u00f3n de PyMEs"},"content":{"rendered":"<p>El proyecto<strong> \u201cInternacionalizaci\u00f3n de PYMES\u201d<\/strong>, est\u00e1 cofinanciado por la <strong>Uni\u00f3n Europea<\/strong> y la <strong>Corporaci\u00f3n<\/strong> <strong>de Promoci\u00f3n de Exportaciones e Inversiones (CORPEI)<\/strong>, a trav\u00e9s de <strong>Expoecuador<\/strong>, tendr\u00e1 una duraci\u00f3n de 14 meses.<br \/>\nEl objetivo es facilitar y diversificar el acceso a <strong>nuevos mercados internacionales<\/strong> a las <strong>peque\u00f1as y medianas empresas<\/strong> que tengan un<strong> potencial exportador<\/strong>, con excepci\u00f3n del sector ganadero y tabacalero.<br \/>\n<img decoding=\"async\" src=\"http:\/\/www.exportapymes.com\/comercio-exterior-america-esp\/images\/ban\/ecuador.jpg\" \/>   Eduardo Borrero Vega, miembro de la <strong>Red de Consultores en Exportaciones de CORPEI (RECEX)<\/strong>, indic\u00f3 que las <strong>PYMES<\/strong> tendr\u00e1n la oportunidad de acceder a una cofinanciaci\u00f3n de hasta 33.800 euros.<br \/>\n<!--more-->Las organizaciones interesadas podr\u00e1n inscribirse en el proyecto mediante la p\u00e1gina web: <a href=\"http:\/\/www.expoecuador.org\" target=\"_blank\">www.expoecuador.org<\/a> o en las oficinas de la<strong> CORPEI<\/strong> a nivel nacional, en Cuenca est\u00e1 ubicada en la C\u00e1mara de Industrias piso N\u00ba 13, tel\u00e9fono 2826725.<\/p>\n<p><em>Componentes<\/em><br \/>\nEl programa est\u00e1 basado en la implementaci\u00f3n de cuatro componentes que son: <strong>Internacionalizaci\u00f3n de PYMES<\/strong>, el cual tiene el prop\u00f3sito de canalizar el acceso a mercados europeos o de la Comunidad Andina de Naciones (CAN).<br \/>\nDonde se desarrollar\u00e1n actividades como: <strong>estudios de mercado<\/strong>, <strong>an\u00e1lisis de competitividad de los productos<\/strong>, <strong>identificaci\u00f3n de nuevos canales de comercializaci\u00f3n<\/strong>, d<strong>esarrollo de estrategias de penetraci\u00f3n en nuevos mercados<\/strong>, <strong>certificaciones de calidad ISO 9.000, ISO 14.000, EUREPGAP, HACCP<\/strong>, etc.<\/p>\n<p>Mientras que los tres componentes est\u00e1n dirigidos a robustecer a las instituciones relacionadas con las <strong>exportaciones<\/strong>.<br \/>\nAdem\u00e1s se pretende la consolidaci\u00f3n del Sistema Ecuatoriano de la Calidad (MNAC) en aspectos relacionados con la normalizaci\u00f3n acreditaci\u00f3n y certificaci\u00f3n.<\/p>\n<p>Tambi\u00e9n se busca el prop\u00f3sito de afianzar la capacidad de las instituciones en las negociaciones internacionales y el la ejecuci\u00f3n de acuerdos comerciales internacionales.<\/p>\n<p><em>Presentaci\u00f3n<\/em><br \/>\nLa presentaci\u00f3n del programa \u201c<strong>Internacionalizaci\u00f3n de PYMES<\/strong>\u201d, se llevar\u00e1 a cabo el pr\u00f3ximo mi\u00e9rcoles 7 de febrero, a las 19h30 en el auditorio Fernando Malo Cordero de la C\u00e1mara de Industrias de Cuenca.<br \/>\nEl evento contar\u00e1 con la presencia de miembros de la red de consultores internacionales que conforman el programa y directivos del <strong>programa Expoecuador<\/strong>.<\/p>\n<p><em>Diagn\u00f3stico<\/em><br \/>\nPueden acceder a la cofinanciaci\u00f3n del proyecto todas aquellas <strong>PYMES exportadoras en potencia<\/strong> cuyo monto de ventas anual sea menor a 16.500.000 d\u00f3lares y que luego de suscribir una carta de intenci\u00f3n a <strong>Expoecuador<\/strong>.<\/p>\n<p>Aquellas empresas que ingresen al programa tendr\u00e1n que pasar por un proceso de diagn\u00f3stico de su <strong>capacidad exportadora<\/strong>, conocido como \u201c<strong>export audit<\/strong>\u201d, dicha actividad ser\u00e1 efectuada por un grupo de consultores profesionales bajo la direcci\u00f3n de <strong>CIFESAL<\/strong>, <strong>empresa consultora espa\u00f1ola<\/strong>.<\/p>\n<p>Las entidades que pasen exitosamente el diagn\u00f3stico, deber\u00e1n desarrollar un \u201c<strong>plan de negocios de exportaciones<\/strong>\u201d en coordinaci\u00f3n con el mismo grupo de consultores, en el cual se definir\u00e1n las actividades elegibles, las mismas que est\u00e1n enmarcadas dentro de las \u00e1reas de acceso a nuevos mercados, mejoramiento de la calidad, <strong>asistencia tecnol\u00f3gica y capacitaci\u00f3n<\/strong>.<br \/>\nLa carta de intenci\u00f3n la pueden obtener en las oficinas de la CORPEI o en la p\u00e1gina web antes indicada.<\/p>\n<p><em>Invitaci\u00f3n<\/em><br \/>\nExisten alrededor de 80 <strong>empresas peque\u00f1as y medianas<\/strong> a nivel nacional, de las cuales 40 estar\u00edan cumpliendo los requisitos para integrarse al proyecto.<\/p>\n<p>El a\u00f1o pasado se beneficiaron 5 empresas del Austro, a quienes se les cofinanci\u00f3 algunas actividades como: participaci\u00f3n en ferias internacionales, mejora en la imagen del producto, producci\u00f3n y en gesti\u00f3n de calidad.<\/p>\n<p>Estas organizaciones se encuentran dentro del proyecto hasta que terminen con la ejecuci\u00f3n de sus actividades.<br \/>\nCarolina R\u00edos, representante de la <strong>CORPEI<\/strong> en Cuenca, manifest\u00f3 que el plan est\u00e1 orientado a las <strong>empresas que exportan su producto<\/strong> desde hace un a\u00f1o.<\/p>\n<p>Las entidades podr\u00e1n acceder hasta el 60% de este fondo no reembolsable y el 40% lo cubrir\u00edan las empresas.<br \/>\nPueden presentarse las<strong> PYMES<\/strong> de manera individual o en grupo. El Mercurio<\/p>\n","protected":false},"excerpt":{"rendered":"<p>El proyecto \u201cInternacionalizaci\u00f3n de PYMES\u201d, est\u00e1 cofinanciado por la Uni\u00f3n Europea y la Corporaci\u00f3n de Promoci\u00f3n de Exportaciones e Inversiones (CORPEI), a trav\u00e9s de Expoecuador, tendr\u00e1 una duraci\u00f3n de 14 meses. El objetivo es facilitar y diversificar el acceso a<span class=\"ellipsis\">&hellip;<\/span><\/p>\n<div class=\"read-more\"><a href=\"https:\/\/www.exportapymes.com\/comercio-exterior-america-esp\/programa-internacionalizacion-de-pymes\/\">Leer m&aacute;s &#8250;<\/a><\/div>\n<p><!-- end of .read-more --><\/p>\n","protected":false},"author":1,"featured_media":0,"comment_status":"open","ping_status":"open","sticky":false,"template":"","format":"standard","meta":{"footnotes":""},"categories":[28,42,8,24,35,32,25,29,27,49],"tags":[],"class_list":["post-1107","post","type-post","status-publish","format-standard","hentry","category-capacitacion","category-corpei-corporacion-de-promocion-de-exportaciones-del-ecuador","category-ecuador","category-exportacion","category-exportador","category-exportar","category-internacionalizacion","category-mipymes","category-pymes","category-pymex"],"_links":{"self":[{"href":"https:\/\/www.exportapymes.com\/comercio-exterior-america-esp\/wp-json\/wp\/v2\/posts\/1107","targetHints":{"allow":["GET"]}}],"collection":[{"href":"https:\/\/www.exportapymes.com\/comercio-exterior-america-esp\/wp-json\/wp\/v2\/posts"}],"about":[{"href":"https:\/\/www.exportapymes.com\/comercio-exterior-america-esp\/wp-json\/wp\/v2\/types\/post"}],"author":[{"embeddable":true,"href":"https:\/\/www.exportapymes.com\/comercio-exterior-america-esp\/wp-json\/wp\/v2\/users\/1"}],"replies":[{"embeddable":true,"href":"https:\/\/www.exportapymes.com\/comercio-exterior-america-esp\/wp-json\/wp\/v2\/comments?post=1107"}],"version-history":[{"count":0,"href":"https:\/\/www.exportapymes.com\/comercio-exterior-america-esp\/wp-json\/wp\/v2\/posts\/1107\/revisions"}],"wp:attachment":[{"href":"https:\/\/www.exportapymes.com\/comercio-exterior-america-esp\/wp-json\/wp\/v2\/media?parent=1107"}],"wp:term":[{"taxonomy":"category","embeddable":true,"href":"https:\/\/www.exportapymes.com\/comercio-exterior-america-esp\/wp-json\/wp\/v2\/categories?post=1107"},{"taxonomy":"post_tag","embeddable":true,"href":"https:\/\/www.exportapymes.com\/comercio-exterior-america-esp\/wp-json\/wp\/v2\/tags?post=1107"}],"curies":[{"name":"wp","href":"https:\/\/api.w.org\/{rel}","templated":true}]}}