{"id":1113,"date":"2007-02-14T14:40:32","date_gmt":"2007-02-14T21:40:32","guid":{"rendered":"http:\/\/www.exportapymes.com\/comercio-exterior-america-esp\/el-bid-apoya-a-las-pymes-de-centroamerica\/"},"modified":"2007-02-14T14:40:32","modified_gmt":"2007-02-14T21:40:32","slug":"el-bid-apoya-a-las-pymes-de-centroamerica","status":"publish","type":"post","link":"https:\/\/www.exportapymes.com\/comercio-exterior-america-esp\/el-bid-apoya-a-las-pymes-de-centroamerica\/","title":{"rendered":"El BID apoya a las PyMEs de Centroam\u00e9rica"},"content":{"rendered":"<p>El <strong>Banco Interamericano de Desarrollo (BID)<\/strong> se\u00f1al\u00f3 el jueves que la importancia de las <strong>peque\u00f1as y medianas empresas (pymes)<\/strong> en el desarrollo de la <strong>econom\u00eda centroamericana<\/strong> ser\u00e1 el tema principal de la asamblea anual que se efectuar\u00e1 en marzo en Guatemala.<br \/>\n<img decoding=\"async\" src=\"http:\/\/www.exportapymes.com\/comercio-exterior-america-esp\/images\/ban\/centroamerica.jpg\" \/>   No hay un rengl\u00f3n en la econom\u00eda del istmo que genere m\u00e1s <strong>empleo que las pymes<\/strong>, dijo el <strong>presidente del BID<\/strong>,<strong> Luis Alberto Moreno<\/strong>, luego de reunirse con el <strong>presidente \u00d3scar Arias<\/strong>.<br \/>\n<!--more-->Apunt\u00f3 que fortalecer al sector hace m\u00e1s competitiva a la econom\u00eda centroamericana y ayuda a tener procesos de inclusi\u00f3n social mucho mejores.<\/p>\n<p>Para Arias, las pymes deber\u00edan ser las m\u00e1s beneficiadas con el <strong>Tratado de Libre Comercio entre Centroam\u00e9rica, Rep\u00fablica Dominicana y Estados Unidos (CAFTA-DR)<\/strong> as\u00ed como con el eventual acuerdo de asociaci\u00f3n con la <strong>Uni\u00f3n Europea (UE)<\/strong>.<\/p>\n<p>\u201cHay que prepararlas para que aprovechen esa oportunidad. Solamente el Banco Nacional de Costa Rica destina a <strong>pymes<\/strong> unos $386 millones en la actualidad, pero una vez con <strong>CAFTA y UE,<\/strong> esa suma ser\u00e1 insuficiente. Si el BID nos ayuda con m\u00e1s recursos, por supuesto que vamos a darle un empuj\u00f3n muy grande para que salgan adelante\u201d, indic\u00f3.<\/p>\n<p>Moreno resalt\u00f3 que el CAFTA es una oportunidad para Costa Rica, puesto que significa montarse en ese tren de cambio, con una agenda paralela que contribuya a las pymes a trav\u00e9s de mecanismos como la banca de desarrollo.<\/p>\n<p>Indic\u00f3 tambi\u00e9n que conversaron sobre el programa de cr\u00e9ditos que tiene con el pa\u00eds, y resalt\u00f3 el de $114 millones para esa agenda paralela. La Prensa Gr\u00e1fica<\/p>\n","protected":false},"excerpt":{"rendered":"<p>El Banco Interamericano de Desarrollo (BID) se\u00f1al\u00f3 el jueves que la importancia de las peque\u00f1as y medianas empresas (pymes) en el desarrollo de la econom\u00eda centroamericana ser\u00e1 el tema principal de la asamblea anual que se efectuar\u00e1 en marzo en<span class=\"ellipsis\">&hellip;<\/span><\/p>\n<div class=\"read-more\"><a href=\"https:\/\/www.exportapymes.com\/comercio-exterior-america-esp\/el-bid-apoya-a-las-pymes-de-centroamerica\/\">Leer m&aacute;s &#8250;<\/a><\/div>\n<p><!-- end of .read-more --><\/p>\n","protected":false},"author":1,"featured_media":0,"comment_status":"open","ping_status":"open","sticky":false,"template":"","format":"standard","meta":{"footnotes":""},"categories":[29,27],"tags":[],"class_list":["post-1113","post","type-post","status-publish","format-standard","hentry","category-mipymes","category-pymes"],"_links":{"self":[{"href":"https:\/\/www.exportapymes.com\/comercio-exterior-america-esp\/wp-json\/wp\/v2\/posts\/1113","targetHints":{"allow":["GET"]}}],"collection":[{"href":"https:\/\/www.exportapymes.com\/comercio-exterior-america-esp\/wp-json\/wp\/v2\/posts"}],"about":[{"href":"https:\/\/www.exportapymes.com\/comercio-exterior-america-esp\/wp-json\/wp\/v2\/types\/post"}],"author":[{"embeddable":true,"href":"https:\/\/www.exportapymes.com\/comercio-exterior-america-esp\/wp-json\/wp\/v2\/users\/1"}],"replies":[{"embeddable":true,"href":"https:\/\/www.exportapymes.com\/comercio-exterior-america-esp\/wp-json\/wp\/v2\/comments?post=1113"}],"version-history":[{"count":0,"href":"https:\/\/www.exportapymes.com\/comercio-exterior-america-esp\/wp-json\/wp\/v2\/posts\/1113\/revisions"}],"wp:attachment":[{"href":"https:\/\/www.exportapymes.com\/comercio-exterior-america-esp\/wp-json\/wp\/v2\/media?parent=1113"}],"wp:term":[{"taxonomy":"category","embeddable":true,"href":"https:\/\/www.exportapymes.com\/comercio-exterior-america-esp\/wp-json\/wp\/v2\/categories?post=1113"},{"taxonomy":"post_tag","embeddable":true,"href":"https:\/\/www.exportapymes.com\/comercio-exterior-america-esp\/wp-json\/wp\/v2\/tags?post=1113"}],"curies":[{"name":"wp","href":"https:\/\/api.w.org\/{rel}","templated":true}]}}