{"id":1114,"date":"2007-02-14T14:45:17","date_gmt":"2007-02-14T21:45:17","guid":{"rendered":"http:\/\/www.exportapymes.com\/comercio-exterior-america-esp\/seminario-como-exportar-madera-y-derivados-certificados-a-europa\/"},"modified":"2007-06-21T14:33:09","modified_gmt":"2007-06-21T21:33:09","slug":"seminario-como-exportar-madera-y-derivados-certificados-a-europa","status":"publish","type":"post","link":"https:\/\/www.exportapymes.com\/comercio-exterior-america-esp\/seminario-como-exportar-madera-y-derivados-certificados-a-europa\/","title":{"rendered":"Seminario &#8220;C\u00f3mo exportar madera y derivados certificados a Europa&#8221;"},"content":{"rendered":"<p>El <strong>Centro de Promoci\u00f3n de Importaciones de Pa\u00edses en Desarrollo (CBI &#8211; Holanda) <\/strong>en coordinaci\u00f3n con la C\u00e1mara Forestal de Bolivia  (CFB) y el <strong>Centro de Promoci\u00f3n Bolivia (CEPROBOL)<\/strong>, est\u00e1n llevando a cabo el <strong>Seminario Taller \u201cC\u00f3mo Exportar Madera y derivados con Certificaci\u00f3n a Europa\u201d<\/strong>, el 15 de Febrero de 2007, en Santa Cruz.<br \/>\n<img decoding=\"async\" src=\"http:\/\/www.exportapymes.com\/comercio-exterior-america-esp\/images\/ban\/bolivia.jpg\" \/>   Este evento tiene como objetivo informar a productores<strong>, empresarios, exportadores y profesionales del sector forestal<\/strong> <strong>c\u00f3mo exportar a mercados de la Uni\u00f3n Europea<\/strong>, tanto madera como productos de madera con la Certificaci\u00f3n FSC, que acredita la fuente sostenible de la oferta. <br \/>\n<!--more-->Los expositores son: <strong>Peter van Gilst, Experto CBI &#8211; Senior Programme Manager, del Programa Timber y Timber Products; y Marco Bijl, Consultor para el Programa de Madera y Derivados y Experto en Marketing de derivados de madera<\/strong>, <strong>asuntos forestales y cooperaci\u00f3n al desarrollo<\/strong>.<\/p>\n<p>Los expertos tambi\u00e9n est\u00e1n interesados en realizar visitas a las empresas para conocer la calidad de los productos y capacidad de producci\u00f3n de las empresas bolivianas, por lo que se invita a los interesados a solicitar una visita agendada a la direcci\u00f3n que aparece al final de esta invitaci\u00f3n.<\/p>\n<p>Fecha y lugar: 09:00 a 13:00, en el Sal\u00f3n Auditorio de la CFB, ubicado en la Calle Manuel Ignacio Salvatierra N\u00ba 1055 (Santa Cruz).<\/p>\n<p>Para confirmar su participaci\u00f3n favor referirse:<\/p>\n<p>En La Paz a: CEPROBOL, Telf.: (2) 2336886, Fax: (2) 2336996, E-mail: <a href=\"mailto:mibanez@ceprobol.gov.bo\">mibanez@ceprobol.gov.bo<\/a>.<\/p>\n<p>En Santa Cruz: C\u00e1mara Forestal de Bolivia, Telf: (3) 3332699,  Fax: (3) 3331456, E-mail: <a href=\"mailto:camaraforestal@cfb.org.bo\">camaraforestal@cfb.org.bo<\/a>.<\/p>\n","protected":false},"excerpt":{"rendered":"<p>El Centro de Promoci\u00f3n de Importaciones de Pa\u00edses en Desarrollo (CBI &#8211; Holanda) en coordinaci\u00f3n con la C\u00e1mara Forestal de Bolivia (CFB) y el Centro de Promoci\u00f3n Bolivia (CEPROBOL), est\u00e1n llevando a cabo el Seminario Taller \u201cC\u00f3mo Exportar Madera y<span class=\"ellipsis\">&hellip;<\/span><\/p>\n<div class=\"read-more\"><a href=\"https:\/\/www.exportapymes.com\/comercio-exterior-america-esp\/seminario-como-exportar-madera-y-derivados-certificados-a-europa\/\">Leer m&aacute;s &#8250;<\/a><\/div>\n<p><!-- end of .read-more --><\/p>\n","protected":false},"author":1,"featured_media":0,"comment_status":"open","ping_status":"open","sticky":false,"template":"","format":"standard","meta":{"footnotes":""},"categories":[2,28,44,30,24,35,32,25,55,29,27],"tags":[],"class_list":["post-1114","post","type-post","status-publish","format-standard","hentry","category-bolivia","category-capacitacion","category-ceprobol-centro-de-promocion-bolivia","category-comercio-exterior","category-exportacion","category-exportador","category-exportar","category-internacionalizacion","category-marketing","category-mipymes","category-pymes"],"_links":{"self":[{"href":"https:\/\/www.exportapymes.com\/comercio-exterior-america-esp\/wp-json\/wp\/v2\/posts\/1114","targetHints":{"allow":["GET"]}}],"collection":[{"href":"https:\/\/www.exportapymes.com\/comercio-exterior-america-esp\/wp-json\/wp\/v2\/posts"}],"about":[{"href":"https:\/\/www.exportapymes.com\/comercio-exterior-america-esp\/wp-json\/wp\/v2\/types\/post"}],"author":[{"embeddable":true,"href":"https:\/\/www.exportapymes.com\/comercio-exterior-america-esp\/wp-json\/wp\/v2\/users\/1"}],"replies":[{"embeddable":true,"href":"https:\/\/www.exportapymes.com\/comercio-exterior-america-esp\/wp-json\/wp\/v2\/comments?post=1114"}],"version-history":[{"count":0,"href":"https:\/\/www.exportapymes.com\/comercio-exterior-america-esp\/wp-json\/wp\/v2\/posts\/1114\/revisions"}],"wp:attachment":[{"href":"https:\/\/www.exportapymes.com\/comercio-exterior-america-esp\/wp-json\/wp\/v2\/media?parent=1114"}],"wp:term":[{"taxonomy":"category","embeddable":true,"href":"https:\/\/www.exportapymes.com\/comercio-exterior-america-esp\/wp-json\/wp\/v2\/categories?post=1114"},{"taxonomy":"post_tag","embeddable":true,"href":"https:\/\/www.exportapymes.com\/comercio-exterior-america-esp\/wp-json\/wp\/v2\/tags?post=1114"}],"curies":[{"name":"wp","href":"https:\/\/api.w.org\/{rel}","templated":true}]}}