{"id":1136,"date":"2007-02-17T15:35:27","date_gmt":"2007-02-17T22:35:27","guid":{"rendered":"http:\/\/www.exportapymes.com\/comercio-exterior-america-esp\/forum-del-comercio-exterior-en-cuba\/"},"modified":"2007-02-17T15:35:27","modified_gmt":"2007-02-17T22:35:27","slug":"forum-del-comercio-exterior-en-cuba","status":"publish","type":"post","link":"https:\/\/www.exportapymes.com\/comercio-exterior-america-esp\/forum-del-comercio-exterior-en-cuba\/","title":{"rendered":"F\u00f3rum del Comercio Exterior en Cuba"},"content":{"rendered":"<p>La <strong>Asociaci\u00f3n de Economistas y Contadores de Cuba (ANEC)<\/strong> y <strong>el Ministerio del Comercio Exterior de la Rep\u00fablica de Cuba (MINCEX)<\/strong> lanzaron su convocatoria al<strong> II F\u00f3rum Cient\u00edfico de la Rama del Comercio Exterior<\/strong>.<br \/>\n<img decoding=\"async\" src=\"http:\/\/www.exportapymes.com\/comercio-exterior-america-esp\/images\/ban\/cuba.jpg\" \/>   Seg\u00fan dio a conocer en conferencia de prensa el viceministro de Econom\u00eda, Mario D\u00edaz, el encuentro se realizar\u00e1 el s\u00e1bado 14 de abril del presente a\u00f1o en el teatro Jacinto Torras, del<strong> MINCEX<\/strong>, y se desarrollar\u00e1 en los locales del <strong>Instituto de Comercio Exterior<\/strong>, sito en 23 entre O e Infanta, en la capital.<br \/>\n<!--more-->El objetivo de este encuentro es propiciar a todas las <strong>empresas <\/strong>del pa\u00eds que tienen autorizaci\u00f3n para realizar <strong>operaciones de comercio con el exterior<\/strong>, un espacio donde presentar y someter a debate sus ponencias relacionadas con el tema, con \u00e9nfasis en aquellos aspectos del trabajo empresarial que influyen en la eficacia y eficiencia de su gesti\u00f3n.<\/p>\n<p>Al mismo tiempo, propiciar\u00e1 a dichas empresas, centros de ense\u00f1anza superior y de investigaci\u00f3n cient\u00edfica en materia de econom\u00eda, as\u00ed como a funcionarios y especialistas del <strong>MINCEX<\/strong> y de otros organismos globales de la econom\u00eda, la oportunidad de presentar sus trabajos relativos al<strong> comercio internacional<\/strong> y al sector externo de la econom\u00eda.<\/p>\n<p>Las tem\u00e1ticas abarcan temas desde los de gran amplitud, como el de las <strong>relaciones econ\u00f3micas internacionales<\/strong>, el <strong>comercio mundial y la integraci\u00f3n regional<\/strong>, hasta otros con un diapas\u00f3n m\u00e1s puntual, como la competitividad <strong>en el comercio internacional<\/strong>.<\/p>\n<p>Se incluye la pol\u00edtica comercial de la Rep\u00fablica de Cuba, la eficacia y eficiencia en las<strong> operaciones de importaci\u00f3n y exportaci\u00f3n<\/strong> y las dificultades y obst\u00e1culos a las<strong> exportaciones cubanas<\/strong>.<\/p>\n<p>No menos importantes son los referidos a la interacci\u00f3n entre el <strong>comercio exterior<\/strong> con las empresas mayoristas, el transporte y el seguro, la gesti\u00f3n de contabilidad y auditor\u00eda, el<strong> comercio electr\u00f3nico<\/strong> y la inform\u00e1tica, el perfeccionamiento empresarial en el sector y el<strong> comercio de los servicios<\/strong>.<\/p>\n<p>El viceministro hizo \u00e9nfasis en la importancia de este \u00faltimo ac\u00e1pite, que resulta de vital importancia para el ingreso de divisas al pa\u00eds, al tiempo que subray\u00f3 el hecho, no siempre bien apreciado, de que la sustituci\u00f3n masiva de <strong>importaciones <\/strong>equivale, en t\u00e9rminos de econom\u00eda nacional, a un considerable volumen de <strong>exportaciones<\/strong>.<\/p>\n<p>El evento cuenta ya con una p\u00e1gina Web en la direcci\u00f3n (<a href=\"http:\/\/www.mincex.cu\/forum2007\" target=\"_blank\">www.mincex.cu\/forum2007<\/a>), donde no solamente se da informaci\u00f3n detallada de la manera de inscribirse, sino que incluye especificaciones para la presentaci\u00f3n de las ponencias, datos sobre el F\u00f3rum anterior, efectuado en 2002, y un resumen de las 20 ponencias ya presentadas, algo que se ir\u00e1 actualizando en la medida en que se reciban las que vayan llegando.<\/p>\n<p><em>FUNDAMENTOS DEL FORUM<br \/>\n<\/em>El viceministro D\u00edaz, en un aparte con Opciones, explic\u00f3 que la nuestra es una econom\u00eda abierta, en la cual se importan gran cantidad de los recursos que consumimos, por lo cual depende en una gran medida del comercio exterior. Una expresi\u00f3n de ello es que el pasado a\u00f1o el volumen de las <strong>operaciones comerciales<\/strong> con el extranjero creci\u00f3 en un 27% con respecto a 2005.<\/p>\n<p>\u201cA principios del 2000, al descentralizarse las <strong>operaciones comerciales<\/strong> con el extranjero -expansi\u00f3n que involucr\u00f3 a m\u00e1s de 130 <strong>empresas importadoras y\/o exp<\/strong>ortadoras-, se hizo imprescindible una confrontaci\u00f3n entre los diversos especialistas que comenzaron a interactuar con mercados for\u00e1neos, con el objetivo de unificar los criterios, procedimientos, m\u00e9todos y principios que caracterizan el<strong> comercio exterior cubano<\/strong>.<\/p>\n<p>\u201cDe ese modo, convocamos el Primer F\u00f3rum que se efectu\u00f3 el 13 de abril de 2002. El evento fue valorado de muy positivo por numerosos participantes, y especialmente elogiado por la ANEC y por el propio <strong>ministro de Comercio Exterior, Ra\u00fal de la Nuez<\/strong>, en su intervenci\u00f3n de clausura.<\/p>\n<p>\u201cEn aquella oportunidad asistieron 621 participantes, de los cuales 117 fueron del <strong>MINCEX<\/strong> y 504 de otras 165 entidades y organizaciones. Este a\u00f1o se espera que las cifras de participantes y ponentes, as\u00ed como de especialistas que expondr\u00e1n valoraciones en conferencias magistrales, que en 2002 fueron cuatro, sean superadas.<\/p>\n<p>\u201cLos objetivos que entonces se alcanzaron -apunt\u00f3 el viceministro- fueron varios. De una parte, contribuir a la consolidaci\u00f3n de nuestro ministerio como rector de la rama del comercio exterior, de otra, demostrar que este tipo de encuentro es necesario y perfectamente posible y, al mismo tiempo, demostrar la importancia del valioso trabajo de la ANEC y su vinculaci\u00f3n con los objetivos de nuestra instituci\u00f3n. Ernesto A. Rojas. Opciones<\/p>\n","protected":false},"excerpt":{"rendered":"<p>La Asociaci\u00f3n de Economistas y Contadores de Cuba (ANEC) y el Ministerio del Comercio Exterior de la Rep\u00fablica de Cuba (MINCEX) lanzaron su convocatoria al II F\u00f3rum Cient\u00edfico de la Rama del Comercio Exterior. Seg\u00fan dio a conocer en conferencia<span class=\"ellipsis\">&hellip;<\/span><\/p>\n<div class=\"read-more\"><a href=\"https:\/\/www.exportapymes.com\/comercio-exterior-america-esp\/forum-del-comercio-exterior-en-cuba\/\">Leer m&aacute;s &#8250;<\/a><\/div>\n<p><!-- end of .read-more --><\/p>\n","protected":false},"author":1,"featured_media":0,"comment_status":"open","ping_status":"open","sticky":false,"template":"","format":"standard","meta":{"footnotes":""},"categories":[28,43,30,7,24,35,32,26,29,27],"tags":[],"class_list":["post-1136","post","type-post","status-publish","format-standard","hentry","category-capacitacion","category-cepec-promocion-de-las-exportaciones-de-cuba","category-comercio-exterior","category-cuba","category-exportacion","category-exportador","category-exportar","category-importacion","category-mipymes","category-pymes"],"_links":{"self":[{"href":"https:\/\/www.exportapymes.com\/comercio-exterior-america-esp\/wp-json\/wp\/v2\/posts\/1136","targetHints":{"allow":["GET"]}}],"collection":[{"href":"https:\/\/www.exportapymes.com\/comercio-exterior-america-esp\/wp-json\/wp\/v2\/posts"}],"about":[{"href":"https:\/\/www.exportapymes.com\/comercio-exterior-america-esp\/wp-json\/wp\/v2\/types\/post"}],"author":[{"embeddable":true,"href":"https:\/\/www.exportapymes.com\/comercio-exterior-america-esp\/wp-json\/wp\/v2\/users\/1"}],"replies":[{"embeddable":true,"href":"https:\/\/www.exportapymes.com\/comercio-exterior-america-esp\/wp-json\/wp\/v2\/comments?post=1136"}],"version-history":[{"count":0,"href":"https:\/\/www.exportapymes.com\/comercio-exterior-america-esp\/wp-json\/wp\/v2\/posts\/1136\/revisions"}],"wp:attachment":[{"href":"https:\/\/www.exportapymes.com\/comercio-exterior-america-esp\/wp-json\/wp\/v2\/media?parent=1136"}],"wp:term":[{"taxonomy":"category","embeddable":true,"href":"https:\/\/www.exportapymes.com\/comercio-exterior-america-esp\/wp-json\/wp\/v2\/categories?post=1136"},{"taxonomy":"post_tag","embeddable":true,"href":"https:\/\/www.exportapymes.com\/comercio-exterior-america-esp\/wp-json\/wp\/v2\/tags?post=1136"}],"curies":[{"name":"wp","href":"https:\/\/api.w.org\/{rel}","templated":true}]}}