{"id":1153,"date":"2007-02-26T12:35:02","date_gmt":"2007-02-26T19:35:02","guid":{"rendered":"http:\/\/www.exportapymes.com\/comercio-exterior-america-esp\/agencia-valenciana-de-exportacion-agraria\/"},"modified":"2007-02-26T12:35:02","modified_gmt":"2007-02-26T19:35:02","slug":"agencia-valenciana-de-exportacion-agraria","status":"publish","type":"post","link":"https:\/\/www.exportapymes.com\/comercio-exterior-america-esp\/agencia-valenciana-de-exportacion-agraria\/","title":{"rendered":"Agencia Valenciana de Exportaci\u00f3n Agraria"},"content":{"rendered":"<p>El <strong>presidente de la Generalitat, Francisco Camps<\/strong>, anunci\u00f3 en Budapest la creaci\u00f3n de una <strong>Agencia Valenciana de Exportaci\u00f3n Agraria<\/strong> para impulsar la apertura de nuevos mercados para los c\u00edtricos y otros productos del campo. Camps acompa\u00f1a a una delegaci\u00f3n de exportadores naranjeros que intenta vender m\u00e1s en Hungr\u00eda.<br \/>\n<img decoding=\"async\" src=\"http:\/\/www.exportapymes.com\/comercio-exterior-america-esp\/images\/ban\/spain.jpg\" \/>   La finalidad de la futura Agencia Valenciana de Exportaci\u00f3n Agraria es, seg\u00fan explic\u00f3 el presidente Camps, agilizar tr\u00e1mites, gestiones y promociones que permitan la <strong>apertura de nuevos mercados<\/strong> para las producciones agrarias de la Comunitat Valenciana.<br \/>\n<!--more--><br \/>\nY buena prueba de ello es lo que est\u00e1 haciendo estos d\u00edas el presidente del Ejecutivo valenciano, realizando una intensa actividad ante las instituciones europeas, para mejorar el trato de Bruselas a los c\u00edtricos y dem\u00e1s producciones hortofrut\u00edcolas de la comunitat, y acompa\u00f1ando a exportadores citr\u00edcolas en una misi\u00f3n comercial a Hungr\u00eda.<\/p>\n<p>Vicente Bordils, Juan Gual y Jorge Ca\u00f1am\u00e1s (por el comercio privado); Cirilo Arnandis, Juan Safont y J. V. Torrent (por las cooperativas), y Nicol\u00e1s Belmonte (SATs) se han entrevistado con altos representantes del Gobierno h\u00fangaro, del Parlamento, de la cadena de hipermercados Auchamp (Alcampo) y de firmas comerciales que distribuyen frutas y hortalizas. Los exportadores valencianos est\u00e1n muy satisfechos por esta oportunidad, ya que al ir de la mano de la Generalitat se les est\u00e1 abriendo muchas puertas. Hoy se reunir\u00e1n tambi\u00e9n con directivos de los supermercados Metro.<\/p>\n<p>Camps, que est\u00e1 acompa\u00f1ado del conseller de Agricultura, Juan Cotino, y de la directora general del <strong>IVEX<\/strong>, Maritina Hern\u00e1ndez, se ha reunido con el ministro h\u00fangaro de Agricultura, J\u00f3zsef Graf y otros altos cargos del Gobierno y del Parlamento magiar. Una de las conclusiones m\u00e1s importantes es la de colaborar entre ambas Administraciones ante Bruselas. A Budapest le interesa la experiencia valenciana en la gesti\u00f3n de fondos para el desarrollo, y a la Generalitat, el apoyo h\u00fagaro en votaciones decisivas para temas valencianos en la UE.<\/p>\n","protected":false},"excerpt":{"rendered":"<p>El presidente de la Generalitat, Francisco Camps, anunci\u00f3 en Budapest la creaci\u00f3n de una Agencia Valenciana de Exportaci\u00f3n Agraria para impulsar la apertura de nuevos mercados para los c\u00edtricos y otros productos del campo. Camps acompa\u00f1a a una delegaci\u00f3n de<span class=\"ellipsis\">&hellip;<\/span><\/p>\n<div class=\"read-more\"><a href=\"https:\/\/www.exportapymes.com\/comercio-exterior-america-esp\/agencia-valenciana-de-exportacion-agraria\/\">Leer m&aacute;s &#8250;<\/a><\/div>\n<p><!-- end of .read-more --><\/p>\n","protected":false},"author":1,"featured_media":0,"comment_status":"open","ping_status":"open","sticky":false,"template":"","format":"standard","meta":{"footnotes":""},"categories":[30,22,24,35,32,50,27,34],"tags":[],"class_list":["post-1153","post","type-post","status-publish","format-standard","hentry","category-comercio-exterior","category-espana","category-exportacion","category-exportador","category-exportar","category-ivex","category-pymes","category-vender"],"_links":{"self":[{"href":"https:\/\/www.exportapymes.com\/comercio-exterior-america-esp\/wp-json\/wp\/v2\/posts\/1153","targetHints":{"allow":["GET"]}}],"collection":[{"href":"https:\/\/www.exportapymes.com\/comercio-exterior-america-esp\/wp-json\/wp\/v2\/posts"}],"about":[{"href":"https:\/\/www.exportapymes.com\/comercio-exterior-america-esp\/wp-json\/wp\/v2\/types\/post"}],"author":[{"embeddable":true,"href":"https:\/\/www.exportapymes.com\/comercio-exterior-america-esp\/wp-json\/wp\/v2\/users\/1"}],"replies":[{"embeddable":true,"href":"https:\/\/www.exportapymes.com\/comercio-exterior-america-esp\/wp-json\/wp\/v2\/comments?post=1153"}],"version-history":[{"count":0,"href":"https:\/\/www.exportapymes.com\/comercio-exterior-america-esp\/wp-json\/wp\/v2\/posts\/1153\/revisions"}],"wp:attachment":[{"href":"https:\/\/www.exportapymes.com\/comercio-exterior-america-esp\/wp-json\/wp\/v2\/media?parent=1153"}],"wp:term":[{"taxonomy":"category","embeddable":true,"href":"https:\/\/www.exportapymes.com\/comercio-exterior-america-esp\/wp-json\/wp\/v2\/categories?post=1153"},{"taxonomy":"post_tag","embeddable":true,"href":"https:\/\/www.exportapymes.com\/comercio-exterior-america-esp\/wp-json\/wp\/v2\/tags?post=1153"}],"curies":[{"name":"wp","href":"https:\/\/api.w.org\/{rel}","templated":true}]}}