{"id":1155,"date":"2007-02-26T12:55:45","date_gmt":"2007-02-26T19:55:45","guid":{"rendered":"http:\/\/www.exportapymes.com\/comercio-exterior-america-esp\/formacion-en-internacionalizacion-de-la-comunidad-de-madrid\/"},"modified":"2007-02-26T12:55:45","modified_gmt":"2007-02-26T19:55:45","slug":"formacion-en-internacionalizacion-de-la-comunidad-de-madrid","status":"publish","type":"post","link":"https:\/\/www.exportapymes.com\/comercio-exterior-america-esp\/formacion-en-internacionalizacion-de-la-comunidad-de-madrid\/","title":{"rendered":"Formaci\u00f3n en Internacionalizaci\u00f3n de la Comunidad de Madrid"},"content":{"rendered":"<p>Con objeto de establecer un marco de acci\u00f3n conjunto de todas las actividades de <strong>formaci\u00f3n<\/strong> sobre el <strong>proceso de internacionalizaci\u00f3n empresarial<\/strong> que se desarrolle en la Comunidad de Madrid, se ha firmado en el Ministerio de Industria, Turismo y Comercio un Convenio de Colaboraci\u00f3n entre el<strong> ICEX, PromoMadrid, la C\u00e1mara de Madrid y la Confederaci\u00f3n Empresarial de Madrid (CEIM)<\/strong>.<br \/>\n<img decoding=\"async\" src=\"http:\/\/www.exportapymes.com\/comercio-exterior-america-esp\/images\/ban\/spain.jpg\" \/>   El acuerdo ha sido firmado por el <strong>secretario de Estado de Turismo y Comercio y<\/strong> <strong>presidente del ICEX, Pedro Mej\u00eda<\/strong>,<br \/>\n<!--more--> el consejero de Econom\u00eda e Innovaci\u00f3n Tecnol\u00f3gica y presidente de<strong> PromoMadrid, Fernando Merry del Val<\/strong>, y el presidente de la <strong>CEIM y de la C\u00e1mara Oficial de Comercio e Industria de Madrid, Gerardo D\u00edaz<\/strong> .<\/p>\n<p>Este convenio entre los cuatro principales organismos que <strong>promueven la internacionalizaci\u00f3n de las empresas en la Comunidad de Madrid<\/strong> tiene como principal objetivo proporcionar un mejor servicio en materia de <strong>formaci\u00f3n e informaci\u00f3n sobre mercados exteriores<\/strong>, evitando solapamientos de acciones y buscando sinergias entre todas ellas para que los empresarios obtengan un mejor servicio que les <strong>apoye en su salida a los mercados internacionales<\/strong>.<\/p>\n<p>Por otra parte, el convenio supone un incremento importante de la oferta formativa, tanto en el n\u00famero total de acciones que se van a realizar, como en el presupuesto conjunto que se dedicar\u00e1 a este proyecto. Si en 2006 las instituciones firmantes realizaron 72 acciones por un valor de 470.000 euros, en 2007 se han planificado m\u00e1s de 100 acciones coordinadas con un presupuesto global superior a los 800.000 euros. Los equipos humanos que componen las \u00e1reas de formaci\u00f3n de estos organismos, trabajar\u00e1n de manera coordinada para ofrecer un <strong>plan anual de formac<\/strong>i\u00f3n en el que participen los mejores ponentes, se diversifiquen los contenidos y se adapten las tem\u00e1ticas a las necesidades y demandas concretas del empresariado de la Comunidad de Madrid.<\/p>\n<p>Con este convenio se abre una nueva etapa en la actividad de formaci\u00f3n e informaci\u00f3n que se desarrollar\u00e1 en la Comunidad, ya que un n\u00famero considerable de acciones tendr\u00e1 lugar en localidades de la regi\u00f3n con importante actividad industrial (Arganda, Alcal\u00e1 de Henares\u2026) y situadas fuera de Madrid capital. Este proceso de descentralizaci\u00f3n permitir\u00e1 canalizar de manera m\u00e1s efectiva, tanto la formaci\u00f3n t\u00e9cnica en materia de <strong>internacionalizaci\u00f3n<\/strong>, como la informaci\u00f3n sobre los servicios que desde distintos \u00e1mbitos de la Administraci\u00f3n y el sector privado se ponen a disposici\u00f3n de las <strong>empresas madrile\u00f1as<\/strong> y en especial de las <strong>PYMES<\/strong> con actividad internacional.<\/p>\n<p>La vigencia de este Plan es de un a\u00f1o, pudiendo ser prorrogado de forma autom\u00e1tica con el consentimiento de todas las partes.<\/p>\n","protected":false},"excerpt":{"rendered":"<p>Con objeto de establecer un marco de acci\u00f3n conjunto de todas las actividades de formaci\u00f3n sobre el proceso de internacionalizaci\u00f3n empresarial que se desarrolle en la Comunidad de Madrid, se ha firmado en el Ministerio de Industria, Turismo y Comercio<span class=\"ellipsis\">&hellip;<\/span><\/p>\n<div class=\"read-more\"><a href=\"https:\/\/www.exportapymes.com\/comercio-exterior-america-esp\/formacion-en-internacionalizacion-de-la-comunidad-de-madrid\/\">Leer m&aacute;s &#8250;<\/a><\/div>\n<p><!-- end of .read-more --><\/p>\n","protected":false},"author":1,"featured_media":0,"comment_status":"open","ping_status":"open","sticky":false,"template":"","format":"standard","meta":{"footnotes":""},"categories":[28,30,22,24,35,32,37,38,25,29,47,27,49],"tags":[],"class_list":["post-1155","post","type-post","status-publish","format-standard","hentry","category-capacitacion","category-comercio-exterior","category-espana","category-exportacion","category-exportador","category-exportar","category-icex","category-instituto-espanol-de-comercio-exterior","category-internacionalizacion","category-mipymes","category-promomadrid","category-pymes","category-pymex"],"_links":{"self":[{"href":"https:\/\/www.exportapymes.com\/comercio-exterior-america-esp\/wp-json\/wp\/v2\/posts\/1155","targetHints":{"allow":["GET"]}}],"collection":[{"href":"https:\/\/www.exportapymes.com\/comercio-exterior-america-esp\/wp-json\/wp\/v2\/posts"}],"about":[{"href":"https:\/\/www.exportapymes.com\/comercio-exterior-america-esp\/wp-json\/wp\/v2\/types\/post"}],"author":[{"embeddable":true,"href":"https:\/\/www.exportapymes.com\/comercio-exterior-america-esp\/wp-json\/wp\/v2\/users\/1"}],"replies":[{"embeddable":true,"href":"https:\/\/www.exportapymes.com\/comercio-exterior-america-esp\/wp-json\/wp\/v2\/comments?post=1155"}],"version-history":[{"count":0,"href":"https:\/\/www.exportapymes.com\/comercio-exterior-america-esp\/wp-json\/wp\/v2\/posts\/1155\/revisions"}],"wp:attachment":[{"href":"https:\/\/www.exportapymes.com\/comercio-exterior-america-esp\/wp-json\/wp\/v2\/media?parent=1155"}],"wp:term":[{"taxonomy":"category","embeddable":true,"href":"https:\/\/www.exportapymes.com\/comercio-exterior-america-esp\/wp-json\/wp\/v2\/categories?post=1155"},{"taxonomy":"post_tag","embeddable":true,"href":"https:\/\/www.exportapymes.com\/comercio-exterior-america-esp\/wp-json\/wp\/v2\/tags?post=1155"}],"curies":[{"name":"wp","href":"https:\/\/api.w.org\/{rel}","templated":true}]}}