{"id":1156,"date":"2007-02-26T13:13:18","date_gmt":"2007-02-26T20:13:18","guid":{"rendered":"http:\/\/www.exportapymes.com\/comercio-exterior-america-esp\/el-icex-va-a-poner-en-marcha-el-programa-aprendiendo-a-exportar-en-alicante\/"},"modified":"2007-06-19T12:32:42","modified_gmt":"2007-06-19T19:32:42","slug":"el-icex-va-a-poner-en-marcha-el-programa-aprendiendo-a-exportar-en-alicante","status":"publish","type":"post","link":"https:\/\/www.exportapymes.com\/comercio-exterior-america-esp\/el-icex-va-a-poner-en-marcha-el-programa-aprendiendo-a-exportar-en-alicante\/","title":{"rendered":"El ICEX va a poner en marcha el programa Aprendiendo a Exportar en Alicante"},"content":{"rendered":"<p><em>Alicante, 1 de marzo<\/em><br \/>\nEl <strong>Instituto Espa\u00f1ol de Comercio Exterior (ICEX)<\/strong> va a poner en marcha en <strong>Alicante el programa Aprendiendo a Exportar<\/strong>, una de las medidas incluidas en el <strong>Plan de Dinamizaci\u00f3n de la Econom\u00eda <\/strong>aprobado por el Gobierno para <strong>fomentar la internacionalizaci\u00f3n de las empresas<\/strong>. El principal objetivo de este programa es sensibilizar a m\u00e1s de 5.000 pymes sobre la <strong>necesidad de salir al exterior<\/strong> <strong>para crecer y ser m\u00e1s competitivas<\/strong>. El proyecto cuenta con un presupuesto anual de 5 millones de euros, que ser\u00e1 financiado y gestionado por el<strong> ICEX<\/strong>.<br \/>\n<img decoding=\"async\" src=\"http:\/\/www.exportapymes.com\/comercio-exterior-america-esp\/images\/ban\/spain.jpg\" \/>   <strong>Aprendiendo a Exportar<\/strong> consta de una jornada, que tendr\u00e1 lugar el 1 de marzo en la Instituci\u00f3n FerialAlicantina (IFA), en la que se pretende interesar a las<strong> pymes<\/strong> en el proyecto de <strong>iniciaci\u00f3n a la exportaci\u00f3n<\/strong> y sensibilizarlas<br \/>\n<!--more-->sobre la necesidad de <strong>abrir nuevos mercados<\/strong>, y de un <strong>programa de apoyo a la pyme<\/strong>, durante todo un a\u00f1o, para ayudarla a ser m\u00e1s <strong>competitiva en el exterior<\/strong>, prest\u00e1ndole todo el asesoramiento y el apoyo necesario en temas como <strong>nuevas tecnolog\u00edas, comunicaci\u00f3n y marca, innovaci\u00f3n y dise\u00f1o, fiscalidad, financiaci\u00f3n<\/strong>, etc.<\/p>\n<p>En esta jornada, las empresas recibir\u00e1n asesoramiento personalizado a trav\u00e9s de entrevistas con expertos en diversas materias relacionadas con la competitividad de la<strong> pyme: nuevas tecnolog\u00edas y web, innovaci\u00f3n y dise\u00f1o, comunicaci\u00f3n y marca, financiaci\u00f3n y cobros, contratos y tr\u00e1mites y apoyos existentes para la pyme<\/strong>.<\/p>\n<p>Tambi\u00e9n podr\u00e1n asistir a un encuentro empresarial en el que tres empresarios alicantinos recientemente iniciados en los <strong>mercados exteriores<\/strong> y con \u00e9xito en estos mercados expondr\u00e1n sus experiencias.<\/p>\n<p>&#8220;<strong>Aprendiendo a Exportar<\/strong>&#8221; es un programa muy diferente a cualquier otro de los existentes en la actualidad, ya que conjuga una labor activa del<strong> ICEX<\/strong> para llegar al mayor n\u00famero de empresas inform\u00e1ndolas y asesor\u00e1ndolas y, a la vez, prest\u00e1ndoles apoyo y ofreci\u00e9ndoles servicios de valor a\u00f1adido.<\/p>\n<p>Para el desarrollo del <strong>programa &#8220;Aprendiendo a Exportar&#8221;<\/strong>, el<strong> ICEX<\/strong> ha dise\u00f1ado varios servicios y productos espec\u00edficos como la <strong>L\u00ednea de Financiaci\u00f3n &#8220;Aprendiendo a Exportar ICEX-ICO 2006&#8221;<\/strong> que financia todos los gastos necesarios para iniciarse en el exterior, hasta 100.000 euros por empresa, al 0% de inter\u00e9s y el convenio de colaboraci\u00f3n firmado entre <strong>ICEX, CESCE y Banesto<\/strong> para la puesta en marcha de una l\u00ednea de aseguramiento de cobro de las exportaciones hasta 100.000 euros que realicen las empresas que participen en el programa durante el primer a\u00f1o y con un coste cero para la empresa.<\/p>\n<p>Como resultado de este programa, que tendr\u00e1 una duraci\u00f3n de dos a\u00f1os, se estima que 1.200 empresas se incorporen a diversos programas de iniciaci\u00f3n en los <strong>mercados exteriores<\/strong>, y que m\u00e1s de 800 lo hagan al<strong> Plan de Iniciaci\u00f3n a la Promoci\u00f3n Exterior (PIPE)<\/strong>, de reconocido \u00e9xito en la <strong>internacionalizaci\u00f3n de las pymes<\/strong>.<\/p>\n<p>Para el desarrollo del proyecto en Alicante, el ICEX, que lidera este proyecto, cuenta con la colaboraci\u00f3n de la Direcci\u00f3n General de Pol\u00edtica de la PYME del Ministerio de Industria, Turismo y Comercio y del Centro para el Desarrollo Tecnol\u00f3gico Industrial, CDTI. Otros socios y colaboradores son la C\u00e1mara de Comercio,<strong> IVEX<\/strong> (<strong>Instituto Valenciano de la Exportaci\u00f3n<\/strong>), <strong>Banesto<\/strong>, el DDI, la<strong> Asociaci\u00f3n de J\u00f3venes Empresarios<\/strong>, la <strong>Compa\u00f1\u00eda Espa\u00f1ola de Seguros de Cr\u00e9dito a la Exportaci\u00f3n<\/strong>, el bufete Garrigues Abogados, la consultora especialista en comunicaci\u00f3n de la empresa Positioning Systems y la empresa Barrab\u00e9s Internet.<\/p>\n<p>Las pymes interesadas en este programa y en la jornada del d\u00eda 1 marzo en Alicante ya disponen de una p\u00e1gina web: <a target=\"_blank\" href=\"http:\/\/www.aprendiendoaexportar.com\">www.aprendiendoaexportar.com<\/a>. Adem\u00e1s de informaci\u00f3n, pueden encontrar diferentes servicios, como la posibilidad de realizar on-line su preinscripci\u00f3n al programa y pedir cita con los expertos en las diferentes materias.<\/p>\n","protected":false},"excerpt":{"rendered":"<p>Alicante, 1 de marzo El Instituto Espa\u00f1ol de Comercio Exterior (ICEX) va a poner en marcha en Alicante el programa Aprendiendo a Exportar, una de las medidas incluidas en el Plan de Dinamizaci\u00f3n de la Econom\u00eda aprobado por el Gobierno<span class=\"ellipsis\">&hellip;<\/span><\/p>\n<div class=\"read-more\"><a href=\"https:\/\/www.exportapymes.com\/comercio-exterior-america-esp\/el-icex-va-a-poner-en-marcha-el-programa-aprendiendo-a-exportar-en-alicante\/\">Leer m&aacute;s &#8250;<\/a><\/div>\n<p><!-- end of .read-more --><\/p>\n","protected":false},"author":1,"featured_media":0,"comment_status":"open","ping_status":"open","sticky":false,"template":"","format":"standard","meta":{"footnotes":""},"categories":[64,28,30,22,24,35,32,37,38,25,50,29,27,49,34],"tags":[],"class_list":["post-1156","post","type-post","status-publish","format-standard","hentry","category-aprendiendo-a-exportar","category-capacitacion","category-comercio-exterior","category-espana","category-exportacion","category-exportador","category-exportar","category-icex","category-instituto-espanol-de-comercio-exterior","category-internacionalizacion","category-ivex","category-mipymes","category-pymes","category-pymex","category-vender"],"_links":{"self":[{"href":"https:\/\/www.exportapymes.com\/comercio-exterior-america-esp\/wp-json\/wp\/v2\/posts\/1156","targetHints":{"allow":["GET"]}}],"collection":[{"href":"https:\/\/www.exportapymes.com\/comercio-exterior-america-esp\/wp-json\/wp\/v2\/posts"}],"about":[{"href":"https:\/\/www.exportapymes.com\/comercio-exterior-america-esp\/wp-json\/wp\/v2\/types\/post"}],"author":[{"embeddable":true,"href":"https:\/\/www.exportapymes.com\/comercio-exterior-america-esp\/wp-json\/wp\/v2\/users\/1"}],"replies":[{"embeddable":true,"href":"https:\/\/www.exportapymes.com\/comercio-exterior-america-esp\/wp-json\/wp\/v2\/comments?post=1156"}],"version-history":[{"count":0,"href":"https:\/\/www.exportapymes.com\/comercio-exterior-america-esp\/wp-json\/wp\/v2\/posts\/1156\/revisions"}],"wp:attachment":[{"href":"https:\/\/www.exportapymes.com\/comercio-exterior-america-esp\/wp-json\/wp\/v2\/media?parent=1156"}],"wp:term":[{"taxonomy":"category","embeddable":true,"href":"https:\/\/www.exportapymes.com\/comercio-exterior-america-esp\/wp-json\/wp\/v2\/categories?post=1156"},{"taxonomy":"post_tag","embeddable":true,"href":"https:\/\/www.exportapymes.com\/comercio-exterior-america-esp\/wp-json\/wp\/v2\/tags?post=1156"}],"curies":[{"name":"wp","href":"https:\/\/api.w.org\/{rel}","templated":true}]}}