{"id":1157,"date":"2007-02-26T13:26:47","date_gmt":"2007-02-26T20:26:47","guid":{"rendered":"http:\/\/www.exportapymes.com\/comercio-exterior-america-esp\/vision-bolivia-productiva-y-exportadora\/"},"modified":"2007-02-26T13:26:47","modified_gmt":"2007-02-26T20:26:47","slug":"vision-bolivia-productiva-y-exportadora","status":"publish","type":"post","link":"https:\/\/www.exportapymes.com\/comercio-exterior-america-esp\/vision-bolivia-productiva-y-exportadora\/","title":{"rendered":"Visi\u00f3n Bolivia Productiva y Exportadora"},"content":{"rendered":"<p>El Presidente del <strong>Instituto Boliviano de Comercio Exterior (IBCE)<\/strong>, Hans Hartmann Rivera, inform\u00f3 que ya se encuentra en la Capital de la Rep\u00fablica un lote de 1.000 libros de \u201c<strong>Visi\u00f3n Bolivia Productiva y Exportadora<\/strong>\u201d, literalmente, \u201cuna tonelada de an\u00e1lisis y propuestas que, con una <strong>visi\u00f3n productivista y pro-exportadora<\/strong>\u201d entregar\u00e1 el IBCE como un aporte a la Asamblea Constituyente, para su consideraci\u00f3n, en Acto programado para el martes 27 de febrero de 2007, en el Auditorio del Archivo y Biblioteca Nacional de Bolivia, en Sucre, al cual se ha invitado a asistir a la Presidenta de la Asamblea, y a todos los Constituyentes.<br \/>\n<img decoding=\"async\" src=\"http:\/\/www.exportapymes.com\/comercio-exterior-america-esp\/images\/ban\/bolivia.jpg\" \/><br \/>\n<!--more-->El libro \u201c<strong>Visi\u00f3n Bolivia Productiva y Exportadora<\/strong>\u201d con 300 p\u00e1ginas de contenido, cumple  el objetivo que se hab\u00eda fijado el IBCE \u2013como entidad <strong>promotora del comercio exterior boliviano<\/strong>&#8211; de investigar los problemas que ata\u00f1en al pa\u00eds en el campo productivo, analizar y proponer soluciones con una visi\u00f3n futurista en sectores-clave generadores de empleo, y recopilar opiniones relevantes en relaci\u00f3n a tales temas, en funci\u00f3n de lo cual organiz\u00f3 el pasado a\u00f1o, sendas Mesas Redondas en Santa Cruz, Cochabamba, Tarija y La Paz, con la participaci\u00f3n de representantes del Gobierno y de la Sociedad Civil (empresarios, trabajadores, campesinos, acad\u00e9micos, etc.), as\u00ed como de la prensa oral y escrita.<\/p>\n<p>El libro \u201c<strong>Visi\u00f3n Bolivia Productiva y Exportadora<\/strong>\u201d conjuga una perspectiva \u201crealista\u201d y \u201cfuturista\u201d, presentando an\u00e1lisis y propuestas para construir un pa\u00eds que, a trav\u00e9s de un nuevo pacto entre los bolivianos, solucione la exclusi\u00f3n social y la pobreza en base a la generaci\u00f3n de empleo productivo, en funci\u00f3n de lo cual son identificados los principales obst\u00e1culos que impiden su crecimiento, adem\u00e1s de se\u00f1alar las definiciones a tomar para encarar un desarrollo social, econ\u00f3mico y democr\u00e1tico, de manera sostenible y arm\u00f3nica.<\/p>\n<p>El Presidente del IBCE refiri\u00f3 que cinco profesionales elaboraron el documento, destacando la enorme experiencia del Lic. Lucio Paz Rivero, que habiendo sido varias veces Ministro de Estado, as\u00ed como funcionario del BID, adem\u00e1s de Asamble\u00edsta, encar\u00f3 la tem\u00e1tica del \u201cRol del Estado\u201d y la \u201cPlanificaci\u00f3n del Desarrollo\u201d; en tanto que el Sr. Ivo Vranjican Dominis, con una vasta trayectoria empresarial, desarroll\u00f3 el tema de \u201cMedio Ambiente y Recursos Naturales\u201d; otro ex Ministro de Estado, el Lic. Diego Montenegro Ernst, encar\u00f3 la tem\u00e1tica de la \u201cAgropecuaria y Forestal\u201d; en tanto que el experto Lic. Antonio Rocha Gallardo, abord\u00f3 el \u201cComercio Exterior e Integraci\u00f3n\u201d; y, el Ing. Ricardo Ortiz Guti\u00e9rrez, experto en competitividad, desarroll\u00f3 la tem\u00e1tica de \u201cIndustria y Turismo\u201d.<\/p>\n<p>Hartmann concluy\u00f3 indicando que un pa\u00eds como Bolivia, con ingentes recursos naturales de todo orden, con una envidiable y vasta geograf\u00eda, y con la habilidad innata y la capacidad de sacrificio que caracteriza a los trabajadores bolivianos, tiene todas las condiciones para convertirse r\u00e1pidamente en un gran pa\u00eds exportador, generando empleo productivo de manera sostenible, en base a la virtuosa relaci\u00f3n de complementariedad que deber\u00eda buscar el pa\u00eds con su entorno, m\u00e1s all\u00e1 de las ideolog\u00edas y consignas de cualquier naturaleza, que no hacen sino entorpecer el desarrollo socioecon\u00f3mico, en funci\u00f3n de lo cual, urge privilegiar la producci\u00f3n y la exportaci\u00f3n, como aspectos centrales de la nueva Carta Magna.<\/p>\n","protected":false},"excerpt":{"rendered":"<p>El Presidente del Instituto Boliviano de Comercio Exterior (IBCE), Hans Hartmann Rivera, inform\u00f3 que ya se encuentra en la Capital de la Rep\u00fablica un lote de 1.000 libros de \u201cVisi\u00f3n Bolivia Productiva y Exportadora\u201d, literalmente, \u201cuna tonelada de an\u00e1lisis y<span class=\"ellipsis\">&hellip;<\/span><\/p>\n<div class=\"read-more\"><a href=\"https:\/\/www.exportapymes.com\/comercio-exterior-america-esp\/vision-bolivia-productiva-y-exportadora\/\">Leer m&aacute;s &#8250;<\/a><\/div>\n<p><!-- end of .read-more --><\/p>\n","protected":false},"author":1,"featured_media":0,"comment_status":"open","ping_status":"open","sticky":false,"template":"","format":"standard","meta":{"footnotes":""},"categories":[2,30,24,35,32,29,27],"tags":[],"class_list":["post-1157","post","type-post","status-publish","format-standard","hentry","category-bolivia","category-comercio-exterior","category-exportacion","category-exportador","category-exportar","category-mipymes","category-pymes"],"_links":{"self":[{"href":"https:\/\/www.exportapymes.com\/comercio-exterior-america-esp\/wp-json\/wp\/v2\/posts\/1157","targetHints":{"allow":["GET"]}}],"collection":[{"href":"https:\/\/www.exportapymes.com\/comercio-exterior-america-esp\/wp-json\/wp\/v2\/posts"}],"about":[{"href":"https:\/\/www.exportapymes.com\/comercio-exterior-america-esp\/wp-json\/wp\/v2\/types\/post"}],"author":[{"embeddable":true,"href":"https:\/\/www.exportapymes.com\/comercio-exterior-america-esp\/wp-json\/wp\/v2\/users\/1"}],"replies":[{"embeddable":true,"href":"https:\/\/www.exportapymes.com\/comercio-exterior-america-esp\/wp-json\/wp\/v2\/comments?post=1157"}],"version-history":[{"count":0,"href":"https:\/\/www.exportapymes.com\/comercio-exterior-america-esp\/wp-json\/wp\/v2\/posts\/1157\/revisions"}],"wp:attachment":[{"href":"https:\/\/www.exportapymes.com\/comercio-exterior-america-esp\/wp-json\/wp\/v2\/media?parent=1157"}],"wp:term":[{"taxonomy":"category","embeddable":true,"href":"https:\/\/www.exportapymes.com\/comercio-exterior-america-esp\/wp-json\/wp\/v2\/categories?post=1157"},{"taxonomy":"post_tag","embeddable":true,"href":"https:\/\/www.exportapymes.com\/comercio-exterior-america-esp\/wp-json\/wp\/v2\/tags?post=1157"}],"curies":[{"name":"wp","href":"https:\/\/api.w.org\/{rel}","templated":true}]}}