{"id":1171,"date":"2007-03-11T21:39:52","date_gmt":"2007-03-12T04:39:52","guid":{"rendered":"http:\/\/www.exportapymes.com\/comercio-exterior-america-esp\/el-salvador-y-eeuu-destacan-beneficios-del-tlc-a-un-ano-de-vigencia\/"},"modified":"2007-03-11T21:39:52","modified_gmt":"2007-03-12T04:39:52","slug":"el-salvador-y-eeuu-destacan-beneficios-del-tlc-a-un-ano-de-vigencia","status":"publish","type":"post","link":"https:\/\/www.exportapymes.com\/comercio-exterior-america-esp\/el-salvador-y-eeuu-destacan-beneficios-del-tlc-a-un-ano-de-vigencia\/","title":{"rendered":"El Salvador y EEUU destacan beneficios del TLC a un a\u00f1o de vigencia"},"content":{"rendered":"<p>El secretario adjunto para Asuntos Econ\u00f3micos, Energ\u00e9ticos y Empresariales de EEUU, Donald Sullivan, y el ministro de Agricultura de El Salvador, Mario Salaverr\u00eda, destacaron los beneficios del libre comercio entre los dos pa\u00edses.<br \/>\n&#8220;Creo que a un a\u00f1o de la implementaci\u00f3n del <strong>CAFTA<\/strong> (<strong>tratado de libre comercio entre EEUU y Centroam\u00e9rica<\/strong>) ha virado en forma positiva&#8221;, declar\u00f3 a la prensa Sullivan.<br \/>\n<img decoding=\"async\" src=\"http:\/\/www.exportapymes.com\/comercio-exterior-america-esp\/images\/ban\/el_salvador.jpg\" \/>   Por su parte, Salaverr\u00eda asegur\u00f3 que el sector agr\u00edcola salvadore\u00f1o, que &#8220;era el m\u00e1s preocupante en el <strong>CAFTA<\/strong>&#8220;, ha logrado en el \u00faltimo a\u00f1o un incremento de un 104 por ciento en sus exportaciones hacia Estados Unidos.<br \/>\n<!--more-->Los dos funcionarios visitaron hoy la arrocera San Francisco, situada en la jurisdicci\u00f3n de Zacatecoluca, en el central departamento de La Paz, una de las empresas salvadore\u00f1as que ha aumentado en forma significativa sus exportaciones hacia Estados Unidos.<\/p>\n<p>Seg\u00fan los informes, esa empresa registra un aumento del 170 por ciento en sus exportaciones y la creaci\u00f3n de 120 nuevos puestos de trabajo.<\/p>\n<p>&#8220;En el tema agr\u00edcola realmente hemos incrementado las exportaciones en un 104 por ciento, el CAFTA en lo que ha sido la parte agr\u00edcola y agroindustrial ha sido altamente beneficioso&#8221;, subray\u00f3 Salaverr\u00eda.<\/p>\n<p>Inform\u00f3 que en 2005 El Salvador export\u00f3 26 millones de d\u00f3lares en alcohol et\u00edlico y en 2006 las exportaciones tuvieron un incremento del 550 por ciento, al pasar de 26 a 174 millones de d\u00f3lares.<\/p>\n<p>Sullivan se reuni\u00f3 tambi\u00e9n con empresarios de la zona norte del pa\u00eds para conocer de primera mano el impacto del CAFTA.<\/p>\n<p>El tratado de libre comercio fue firmado por El Salvador, Guatemala, Honduras, Nicaragua, Costa Rica y Estados Unidos el 24 de mayo de 2004 en Washington y tres meses despu\u00e9s se adhiri\u00f3 al mismo la Rep\u00fablica Dominicana.<\/p>\n<p>El Salvador fue el primer pa\u00eds centroamericano en ratificar el CAFTA-DR.<\/p>\n<p>El CAFTA-DR, como se le conoce por sus siglas en ingl\u00e9s, fue ratificado meses despu\u00e9s por los congresos de los pa\u00edses, excepto por el de Costa Rica.<\/p>\n<p>El presidente de El Salvador, El\u00edas Antonio Saca, asegur\u00f3 hoy en una entrevista que dio en Estados Unidos, donde realiza una visita oficial, que el CAFTA-DR ha permitido al pa\u00eds aumentar las exportaciones totales en el \u00faltimo a\u00f1o en un 20 por ciento.<\/p>\n<p>Seg\u00fan estad\u00edsticas del Banco Central de Reserva, las exportaciones de El Salvador en 2006 sumaron 3.513 millones de d\u00f3lares, mientras que las importaciones alcanzaron 7.628 millones de d\u00f3lares, con lo cual el d\u00e9ficit de la balanza comercial fue de 4.115 millones de d\u00f3lares.<\/p>\n<p>En 2005 las <strong>ventas salvadore\u00f1as al exterior<\/strong> totalizaron 3.387 millones de d\u00f3lares y las importaciones 6.834 millones de d\u00f3lares.<\/p>\n<p>En ambas v\u00edas, y tal como ocurre desde hace muchos a\u00f1os, el principal socio comercial de El Salvador es Estados Unidos. EFE<\/p>\n","protected":false},"excerpt":{"rendered":"<p>El secretario adjunto para Asuntos Econ\u00f3micos, Energ\u00e9ticos y Empresariales de EEUU, Donald Sullivan, y el ministro de Agricultura de El Salvador, Mario Salaverr\u00eda, destacaron los beneficios del libre comercio entre los dos pa\u00edses. &#8220;Creo que a un a\u00f1o de la<span class=\"ellipsis\">&hellip;<\/span><\/p>\n<div class=\"read-more\"><a href=\"https:\/\/www.exportapymes.com\/comercio-exterior-america-esp\/el-salvador-y-eeuu-destacan-beneficios-del-tlc-a-un-ano-de-vigencia\/\">Leer m&aacute;s &#8250;<\/a><\/div>\n<p><!-- end of .read-more --><\/p>\n","protected":false},"author":1,"featured_media":0,"comment_status":"open","ping_status":"open","sticky":false,"template":"","format":"standard","meta":{"footnotes":""},"categories":[30,9,24,35,32,25,29,27,49,33],"tags":[],"class_list":["post-1171","post","type-post","status-publish","format-standard","hentry","category-comercio-exterior","category-el-salvador","category-exportacion","category-exportador","category-exportar","category-internacionalizacion","category-mipymes","category-pymes","category-pymex","category-venta"],"_links":{"self":[{"href":"https:\/\/www.exportapymes.com\/comercio-exterior-america-esp\/wp-json\/wp\/v2\/posts\/1171","targetHints":{"allow":["GET"]}}],"collection":[{"href":"https:\/\/www.exportapymes.com\/comercio-exterior-america-esp\/wp-json\/wp\/v2\/posts"}],"about":[{"href":"https:\/\/www.exportapymes.com\/comercio-exterior-america-esp\/wp-json\/wp\/v2\/types\/post"}],"author":[{"embeddable":true,"href":"https:\/\/www.exportapymes.com\/comercio-exterior-america-esp\/wp-json\/wp\/v2\/users\/1"}],"replies":[{"embeddable":true,"href":"https:\/\/www.exportapymes.com\/comercio-exterior-america-esp\/wp-json\/wp\/v2\/comments?post=1171"}],"version-history":[{"count":0,"href":"https:\/\/www.exportapymes.com\/comercio-exterior-america-esp\/wp-json\/wp\/v2\/posts\/1171\/revisions"}],"wp:attachment":[{"href":"https:\/\/www.exportapymes.com\/comercio-exterior-america-esp\/wp-json\/wp\/v2\/media?parent=1171"}],"wp:term":[{"taxonomy":"category","embeddable":true,"href":"https:\/\/www.exportapymes.com\/comercio-exterior-america-esp\/wp-json\/wp\/v2\/categories?post=1171"},{"taxonomy":"post_tag","embeddable":true,"href":"https:\/\/www.exportapymes.com\/comercio-exterior-america-esp\/wp-json\/wp\/v2\/tags?post=1171"}],"curies":[{"name":"wp","href":"https:\/\/api.w.org\/{rel}","templated":true}]}}