{"id":1173,"date":"2007-03-14T12:45:34","date_gmt":"2007-03-14T19:45:34","guid":{"rendered":"http:\/\/www.exportapymes.com\/comercio-exterior-america-esp\/conmemoracion-25-aniversario-icex\/"},"modified":"2007-03-14T12:45:34","modified_gmt":"2007-03-14T19:45:34","slug":"conmemoracion-25-aniversario-icex","status":"publish","type":"post","link":"https:\/\/www.exportapymes.com\/comercio-exterior-america-esp\/conmemoracion-25-aniversario-icex\/","title":{"rendered":"Conmemoraci\u00f3n 25 aniversario ICEX"},"content":{"rendered":"<p>El <strong>Instituto Espa\u00f1ol de Comercio Exterior (ICEX)<\/strong> ha cumplido 25 a\u00f1os al servicio de la<strong> internacionalizaci\u00f3n de la empresa espa\u00f1ola<\/strong>. Para celebrar las bodas de plata por los servicios prestados a la proyecci\u00f3n internacional, los medios de comunicaci\u00f3n se han hecho eco de esta celebraci\u00f3n.<br \/>\n<img decoding=\"async\" src=\"http:\/\/www.exportapymes.com\/comercio-exterior-america-esp\/images\/ban\/spain.jpg\" \/>   Por ello, los miembros del Consejo Asesor, creado para llevar a cabo esta conmemoraci\u00f3n del <strong>ICEX<\/strong>, ir\u00e1n publicando en diversos medios escritos, art\u00edculos de opini\u00f3n referentes a este Instituto.<br \/>\n<!--more-->El primero de esta serie de art\u00edculos ha sido escrito por Jorge Jordana, Secretario General de la Federaci\u00f3n de Industrias de Alimentaci\u00f3n y Bebidas, y publicado por el diario Expansi\u00f3n, el pasado lunes 26 de febrero. El art\u00edculo alude a una breve rese\u00f1a hist\u00f3rica de los or\u00edgenes del ICEX, sus primeras funciones y la evoluci\u00f3n que ha ido experimentando a lo largo de estos \u00faltimos 25 a\u00f1os.<\/p>\n<p>El ICEX lleva 25 a\u00f1os impulsando los proyectos de inversi\u00f3n, implantaci\u00f3n industrial y cooperaci\u00f3n empresarial en los mercados exteriores. Para poder alcanzar con eficacia sus objetivos, el Instituto ha desarrollado su actividad fuera de las fronteras espa\u00f1olas a trav\u00e9s de una red de Oficinas Econ\u00f3micas y Comerciales de la Embajadas de Espa\u00f1a y, dentro de nuestro pa\u00eds, a trav\u00e9s de las Direcciones Regionales y Territoriales de Comercio.<br \/>\n<strong>Instituto Espa\u00f1ol de Comercio Exterior (ICEX)<\/strong><\/p>\n","protected":false},"excerpt":{"rendered":"<p>El Instituto Espa\u00f1ol de Comercio Exterior (ICEX) ha cumplido 25 a\u00f1os al servicio de la internacionalizaci\u00f3n de la empresa espa\u00f1ola. Para celebrar las bodas de plata por los servicios prestados a la proyecci\u00f3n internacional, los medios de comunicaci\u00f3n se han<span class=\"ellipsis\">&hellip;<\/span><\/p>\n<div class=\"read-more\"><a href=\"https:\/\/www.exportapymes.com\/comercio-exterior-america-esp\/conmemoracion-25-aniversario-icex\/\">Leer m&aacute;s &#8250;<\/a><\/div>\n<p><!-- end of .read-more --><\/p>\n","protected":false},"author":1,"featured_media":0,"comment_status":"open","ping_status":"open","sticky":false,"template":"","format":"standard","meta":{"footnotes":""},"categories":[30,22,24,37,38,25,27,49],"tags":[],"class_list":["post-1173","post","type-post","status-publish","format-standard","hentry","category-comercio-exterior","category-espana","category-exportacion","category-icex","category-instituto-espanol-de-comercio-exterior","category-internacionalizacion","category-pymes","category-pymex"],"_links":{"self":[{"href":"https:\/\/www.exportapymes.com\/comercio-exterior-america-esp\/wp-json\/wp\/v2\/posts\/1173","targetHints":{"allow":["GET"]}}],"collection":[{"href":"https:\/\/www.exportapymes.com\/comercio-exterior-america-esp\/wp-json\/wp\/v2\/posts"}],"about":[{"href":"https:\/\/www.exportapymes.com\/comercio-exterior-america-esp\/wp-json\/wp\/v2\/types\/post"}],"author":[{"embeddable":true,"href":"https:\/\/www.exportapymes.com\/comercio-exterior-america-esp\/wp-json\/wp\/v2\/users\/1"}],"replies":[{"embeddable":true,"href":"https:\/\/www.exportapymes.com\/comercio-exterior-america-esp\/wp-json\/wp\/v2\/comments?post=1173"}],"version-history":[{"count":0,"href":"https:\/\/www.exportapymes.com\/comercio-exterior-america-esp\/wp-json\/wp\/v2\/posts\/1173\/revisions"}],"wp:attachment":[{"href":"https:\/\/www.exportapymes.com\/comercio-exterior-america-esp\/wp-json\/wp\/v2\/media?parent=1173"}],"wp:term":[{"taxonomy":"category","embeddable":true,"href":"https:\/\/www.exportapymes.com\/comercio-exterior-america-esp\/wp-json\/wp\/v2\/categories?post=1173"},{"taxonomy":"post_tag","embeddable":true,"href":"https:\/\/www.exportapymes.com\/comercio-exterior-america-esp\/wp-json\/wp\/v2\/tags?post=1173"}],"curies":[{"name":"wp","href":"https:\/\/api.w.org\/{rel}","templated":true}]}}