{"id":1210,"date":"2007-03-26T17:07:13","date_gmt":"2007-03-27T00:07:13","guid":{"rendered":"http:\/\/www.exportapymes.com\/comercio-exterior-america-esp\/fide-organiza-foro-de-exportadores-2007\/"},"modified":"2007-03-26T17:08:38","modified_gmt":"2007-03-27T00:08:38","slug":"fide-organiza-foro-de-exportadores-2007","status":"publish","type":"post","link":"https:\/\/www.exportapymes.com\/comercio-exterior-america-esp\/fide-organiza-foro-de-exportadores-2007\/","title":{"rendered":"FIDE organiza el Foro de Exportadores 2007"},"content":{"rendered":"<p><em>28 de marzo &#8211; Tegucigalpa, Honduras<\/em><br \/>\nCon el objetivo de <strong>promover la capacidad exportadora de las empresas hondure\u00f1as<\/strong>, <strong>FIDE, Inversi\u00f3n y Exportaciones<\/strong>, organiza el <strong>Foro de Exportadores 2007<\/strong>, el cual se llevar\u00e1 a cabo el pr\u00f3ximo 28 de marzo en el Centro de Convenciones del Hotel Honduras Maya.<br \/>\n<img decoding=\"async\" src=\"http:\/\/www.exportapymes.com\/comercio-exterior-america-esp\/images\/ban\/honduras.jpg\" \/>   En el evento se contar\u00e1 con destacados expositores nacionales e internacionales y se lanzar\u00e1 la s\u00e9ptima edici\u00f3n del <strong>Directorio de Exportadores 2007<\/strong>.<\/p>\n<p><!--more-->\u201cEl <strong>Foro de Exportadores<\/strong> ser\u00e1 una excelente oportunidad para conocer una diversa gama de herramientas que sirven para aprovechar las oportunidades que otorgan los distintos tratados comerciales que el pa\u00eds tiene firmado o que est\u00e1 por firmar\u201d, indic\u00f3 <strong>Vilma Sierra<\/strong>, <strong>Presidenta Ejecutiva de FIDE<\/strong>.<\/p>\n<p>Participar\u00e1 el director de la <strong>agencia de promoci\u00f3n de exportaciones de Colombia PROEXPORT<\/strong> para Centroam\u00e9rica y Panam\u00e1, <strong>Ricardo Triana Soto<\/strong>, quien dictar\u00e1 la conferencia \u201c<strong>Oportunidades comerciales en el marco del Tratado de Libre Comercio entre Colombia y Centro Am\u00e9rica<\/strong>\u201d.<\/p>\n<p>Asimismo Fernando Melo de Wells Fargo ofrecer\u00e1 la conferencia \u201cFactoraje Internacional\u201d y tambi\u00e9n Karla Kattan, Gerente General de Crowley Liner Services expondr\u00e1 sobre \u201cNormas de Seguridad en el Transporte de Productos\u201d.<\/p>\n<p>Por su parte, el presidente de Inversiones Mej\u00eda, Oscar Hern\u00e1ndez Mej\u00eda, compartir\u00e1 con los asistentes la experiencia de su empresa en la conferencia \u201c<strong>Exportar con Visi\u00f3n<\/strong>\u201d.<\/p>\n<p>Por la tarde los participantes conocer\u00e1n diversas oportunidades de negocio de los pa\u00edses participantes, entre ellos, Alemania, Colombia, Estados Unidos, Italia y las naciones centroamericanas, entre otros.<\/p>\n<p align=\"center\"><img loading=\"lazy\" decoding=\"async\" width=\"350\" src=\"http:\/\/www.exportapymes.com\/comercio-exterior-america-esp\/images\/otras\/fide-foro-exportadores.jpg\" alt=\"FIDE organiza Foro de Exportadores 2007\" height=\"250\" style=\"width: 350px; height: 250px\" title=\"FIDE organiza Foro de Exportadores 2007\" \/><\/p>\n<p><em>El programa es el siguiente:<\/em><\/p>\n<p>8:20 a.m.          Palabras de Bienvenida<\/p>\n<p>8:30 a.m.          &#8220;Oportunidades Comerciales en el marco del Tratado de Libre Comercio entre Colombia y Centro Am\u00e9rica&#8221;<br \/>\nExpositor: Ricardo Triana Soto, Director de PROEXPORT &#8211; Colombia por  Centro Am\u00e9rica y Panam\u00e1<\/p>\n<p>9:15 a.m.          &#8220;Factoraje Internacional&#8221;<br \/>\nExpositor: Fernando Melo, Representante de la Wells Fargo (Invitado especial de banco Atl\u00e2ntida)<\/p>\n<p>10:00 a.m.        Refrigerio<\/p>\n<p>10:30 a.m.        &#8220;Normas de Seguridad en el Transporte de Productos&#8221;<br \/>\nExpositor: Claudia Katt\u00e1n, Gerente General Crowley Liner Services<\/p>\n<p>11:00 a.m.        &#8220;Exportar con Visi\u00f3n&#8221; Un caso de \u00e9xito en Honduras, Inversiones Mej\u00eda<br \/>\nExpositor: Lic. Omar Hern\u00e1ndez Mej\u00eda<\/p>\n<p>11:40 a.m.        Lanzamiento de la s\u00e9ptima edici\u00f3n del Directorio de Exportadores 2007<br \/>\nLic. Vilma Sierra de Fonseca, Presidenta Ejecutiva de FIDE<\/p>\n<p>12:15 p.m.        Almuerzo<\/p>\n<p>de 2:00 p.m.     Oportunidades de Negocios<\/p>\n<p>a 4:00 p.m.       Pa\u00edses participantes: Centro Am\u00e9rica, Italia, Colombia,<br \/>\nEspa\u00f1a, Alemania, EEUU, etc.<\/p>\n<p>Favor confirmar su asistencia al tel: 221-6303 o a <a href=\"mailto:ahall@fidehonduras.com\">ahall@fidehonduras.com<\/a><\/p>\n","protected":false},"excerpt":{"rendered":"<p>28 de marzo &#8211; Tegucigalpa, Honduras Con el objetivo de promover la capacidad exportadora de las empresas hondure\u00f1as, FIDE, Inversi\u00f3n y Exportaciones, organiza el Foro de Exportadores 2007, el cual se llevar\u00e1 a cabo el pr\u00f3ximo 28 de marzo en<span class=\"ellipsis\">&hellip;<\/span><\/p>\n<div class=\"read-more\"><a href=\"https:\/\/www.exportapymes.com\/comercio-exterior-america-esp\/fide-organiza-foro-de-exportadores-2007\/\">Leer m&aacute;s &#8250;<\/a><\/div>\n<p><!-- end of .read-more --><\/p>\n","protected":false},"author":1,"featured_media":0,"comment_status":"open","ping_status":"open","sticky":false,"template":"","format":"standard","meta":{"footnotes":""},"categories":[28,30,24,35,32,12,25,29,48,27,34],"tags":[],"class_list":["post-1210","post","type-post","status-publish","format-standard","hentry","category-capacitacion","category-comercio-exterior","category-exportacion","category-exportador","category-exportar","category-honduras","category-internacionalizacion","category-mipymes","category-proexport","category-pymes","category-vender"],"_links":{"self":[{"href":"https:\/\/www.exportapymes.com\/comercio-exterior-america-esp\/wp-json\/wp\/v2\/posts\/1210","targetHints":{"allow":["GET"]}}],"collection":[{"href":"https:\/\/www.exportapymes.com\/comercio-exterior-america-esp\/wp-json\/wp\/v2\/posts"}],"about":[{"href":"https:\/\/www.exportapymes.com\/comercio-exterior-america-esp\/wp-json\/wp\/v2\/types\/post"}],"author":[{"embeddable":true,"href":"https:\/\/www.exportapymes.com\/comercio-exterior-america-esp\/wp-json\/wp\/v2\/users\/1"}],"replies":[{"embeddable":true,"href":"https:\/\/www.exportapymes.com\/comercio-exterior-america-esp\/wp-json\/wp\/v2\/comments?post=1210"}],"version-history":[{"count":0,"href":"https:\/\/www.exportapymes.com\/comercio-exterior-america-esp\/wp-json\/wp\/v2\/posts\/1210\/revisions"}],"wp:attachment":[{"href":"https:\/\/www.exportapymes.com\/comercio-exterior-america-esp\/wp-json\/wp\/v2\/media?parent=1210"}],"wp:term":[{"taxonomy":"category","embeddable":true,"href":"https:\/\/www.exportapymes.com\/comercio-exterior-america-esp\/wp-json\/wp\/v2\/categories?post=1210"},{"taxonomy":"post_tag","embeddable":true,"href":"https:\/\/www.exportapymes.com\/comercio-exterior-america-esp\/wp-json\/wp\/v2\/tags?post=1210"}],"curies":[{"name":"wp","href":"https:\/\/api.w.org\/{rel}","templated":true}]}}