{"id":1218,"date":"2007-04-03T20:40:48","date_gmt":"2007-04-04T03:40:48","guid":{"rendered":"http:\/\/www.exportapymes.com\/comercio-exterior-america-esp\/mincetur-capacita-a-directores-regionales-de-comercio-exterior-y-turismo\/"},"modified":"2007-04-03T20:40:48","modified_gmt":"2007-04-04T03:40:48","slug":"mincetur-capacita-a-directores-regionales-de-comercio-exterior-y-turismo","status":"publish","type":"post","link":"https:\/\/www.exportapymes.com\/comercio-exterior-america-esp\/mincetur-capacita-a-directores-regionales-de-comercio-exterior-y-turismo\/","title":{"rendered":"MINCETUR capacita a Directores Regionales de Comercio Exterior y Turismo"},"content":{"rendered":"<p>Con la finalidad de fortalecer las capacidades de los funcionarios que laboran en las \u00e1reas de<strong> Comercio Exterior y Turismo<\/strong> de los Gobiernos Regionales, el <strong>Ministerio de Comercio Exterior y Turismo (MINCETUR)<\/strong> inici\u00f3 una <strong>agenda de capacitaci\u00f3n<\/strong>.<br \/>\n<img decoding=\"async\" src=\"http:\/\/www.exportapymes.com\/comercio-exterior-america-esp\/images\/ban\/peru.jpg\" \/>   A la c<strong>apacitaci\u00f3n<\/strong> asisten aproximadamente unos 40 funcionarios -los cuales provienen de distintas regiones del pa\u00eds- quienes en el interior del pa\u00eds gestionan los temas de<strong> comercio exterior y turismo<\/strong>.<br \/>\n<!--more-->En la agenda de hoy, los funcionarios de las direcciones regionales de <strong>Comercio Exterior y Turismo<\/strong> (DIRCETUR) evaluaron la situaci\u00f3n actual del marco normativo que regula a los prestadores de servicios tur\u00edsticos, as\u00ed como los proyectos de legislaci\u00f3n a ser propuestos en este a\u00f1o. Adem\u00e1s obtuvieron informaci\u00f3n sobre las principales l\u00edneas de acci\u00f3n en materia de desarrollo tur\u00edstico, artesan\u00eda y <strong>comercio exterior<\/strong>.<\/p>\n<p>Asimismo, hoy se abord\u00f3 la Ley del Procedimiento Administrativo General y su aplicaci\u00f3n en el sector de Turismo; as\u00ed como los procedimientos para elaborar el Texto \u00fanico de Procedimientos Administrativos (TUPA).<\/p>\n<p>El Viceministro de Turismo, Eduardo Arrarte, inaugur\u00f3 la jornada de hoy y se\u00f1al\u00f3 que entre los objetivos del MINCETUR en el \u00e1mbito tur\u00edstico se busca desarrollar un turismo con responsabilidad social, respetando el medio ambiente, generando educaci\u00f3n y conciencia tur\u00edstica, as\u00ed como conociendo la cultura alrededor de cada polo tur\u00edstico.<\/p>\n<p>En este sentido, destac\u00f3 la alianza turismo-artesan\u00eda, que servir\u00e1 para aplicar el concepto de responsabilidad social. \u201cLa actividad de artesan\u00eda es la que m\u00e1s se descentraliza en el pa\u00eds, en cada rinc\u00f3n del Per\u00fa vamos a encontrar expresiones culturales reflejadas en el arte y que requieren ser difundidas. Hoy existen diversas demandas de la actividad tur\u00edstica: la arqueol\u00f3gica, la vivencial, ecotur\u00edstica y en cada una de ellas hay expresiones de artesan\u00eda. Es una necesidad replicar en los diferentes lugares del pa\u00eds el concepto turismo-artesan\u00eda, un binomio econ\u00f3mico importante. Los invoco para que todos participemos en esta tarea\u201d, precis\u00f3.<\/p>\n<p>De otro lado, el Viceministro Arrarte recalc\u00f3 que un tema importante a tener en cuenta es la descentralizaci\u00f3n tur\u00edstica, por esto \u2013dijo- se debe trabajar en conjunto con las DIRCETUR de manera consensuada. \u201cNecesitamos una descentralizaci\u00f3n tur\u00edstica general, uniendo norte, centro, sur, este y oeste. Vamos a tratar de desarrollar proyectos de turismo en esos mismos lugares, de cultura, para tener un futuro tur\u00edstico mejor para los visitantes nacionales y extranjeros\u201d, se\u00f1al\u00f3.<\/p>\n<p>La capacitaci\u00f3n continuar\u00e1 ma\u00f1ana jueves. En la jornada se abordar\u00e1 la metodolog\u00eda para la culminaci\u00f3n del <strong>Plan Estrat\u00e9gico de Turismo (PENTUR)<\/strong> y se informar\u00e1 sobre la campa\u00f1a para la prevenci\u00f3n de la explotaci\u00f3n sexual de ni\u00f1os, ni\u00f1as y adolescentes. Asimismo se presentar\u00e1 los planes y proyectos que ejecuta la Direcci\u00f3n Nacional de Artesan\u00edas, y se expondr\u00e1 sobre Turismo Interno, entre otros.<\/p>\n<p>El viernes, \u00faltimo d\u00eda de la capacitaci\u00f3n, se dedicar\u00e1n a los temas del Viceministerio de Comercio Exterior, como la situaci\u00f3n actual del<strong> Plan Estrat\u00e9gico Nacional de Exportaci\u00f3n (PENX) 2003-2013<\/strong>; los <strong>Panes Regionales de Exportaci\u00f3n (PERX<\/strong>); el desarrollo de la <strong>cultura exportadora<\/strong>; los avances en la <strong>facilitaci\u00f3n del Comercio Exterior<\/strong>; los <strong>Panes Operativos de Desarrollo de Mercado<\/strong>. Adem\u00e1s se expondr\u00e1 sobre la actual Agenda de Negociaciones Comerciales que cumple nuestro pa\u00eds y el manejo de las herramientas estad\u00edsticas, tema a cargo de <strong>PROMPEX<\/strong>.<\/p>\n","protected":false},"excerpt":{"rendered":"<p>Con la finalidad de fortalecer las capacidades de los funcionarios que laboran en las \u00e1reas de Comercio Exterior y Turismo de los Gobiernos Regionales, el Ministerio de Comercio Exterior y Turismo (MINCETUR) inici\u00f3 una agenda de capacitaci\u00f3n. A la capacitaci\u00f3n<span class=\"ellipsis\">&hellip;<\/span><\/p>\n<div class=\"read-more\"><a href=\"https:\/\/www.exportapymes.com\/comercio-exterior-america-esp\/mincetur-capacita-a-directores-regionales-de-comercio-exterior-y-turismo\/\">Leer m&aacute;s &#8250;<\/a><\/div>\n<p><!-- end of .read-more --><\/p>\n","protected":false},"author":1,"featured_media":0,"comment_status":"open","ping_status":"open","sticky":false,"template":"","format":"standard","meta":{"footnotes":""},"categories":[28,30,24,35,32,17,46],"tags":[],"class_list":["post-1218","post","type-post","status-publish","format-standard","hentry","category-capacitacion","category-comercio-exterior","category-exportacion","category-exportador","category-exportar","category-peru","category-prompex-comision-para-la-promocion-de-exportaciones-del-peru"],"_links":{"self":[{"href":"https:\/\/www.exportapymes.com\/comercio-exterior-america-esp\/wp-json\/wp\/v2\/posts\/1218","targetHints":{"allow":["GET"]}}],"collection":[{"href":"https:\/\/www.exportapymes.com\/comercio-exterior-america-esp\/wp-json\/wp\/v2\/posts"}],"about":[{"href":"https:\/\/www.exportapymes.com\/comercio-exterior-america-esp\/wp-json\/wp\/v2\/types\/post"}],"author":[{"embeddable":true,"href":"https:\/\/www.exportapymes.com\/comercio-exterior-america-esp\/wp-json\/wp\/v2\/users\/1"}],"replies":[{"embeddable":true,"href":"https:\/\/www.exportapymes.com\/comercio-exterior-america-esp\/wp-json\/wp\/v2\/comments?post=1218"}],"version-history":[{"count":0,"href":"https:\/\/www.exportapymes.com\/comercio-exterior-america-esp\/wp-json\/wp\/v2\/posts\/1218\/revisions"}],"wp:attachment":[{"href":"https:\/\/www.exportapymes.com\/comercio-exterior-america-esp\/wp-json\/wp\/v2\/media?parent=1218"}],"wp:term":[{"taxonomy":"category","embeddable":true,"href":"https:\/\/www.exportapymes.com\/comercio-exterior-america-esp\/wp-json\/wp\/v2\/categories?post=1218"},{"taxonomy":"post_tag","embeddable":true,"href":"https:\/\/www.exportapymes.com\/comercio-exterior-america-esp\/wp-json\/wp\/v2\/tags?post=1218"}],"curies":[{"name":"wp","href":"https:\/\/api.w.org\/{rel}","templated":true}]}}