{"id":1244,"date":"2007-04-24T16:51:34","date_gmt":"2007-04-24T23:51:34","guid":{"rendered":"http:\/\/www.exportapymes.com\/comercio-exterior-america-esp\/la-exportacion-de-libros-colombianos-crecio-un-94\/"},"modified":"2007-04-24T16:51:34","modified_gmt":"2007-04-24T23:51:34","slug":"la-exportacion-de-libros-colombianos-crecio-un-94","status":"publish","type":"post","link":"https:\/\/www.exportapymes.com\/comercio-exterior-america-esp\/la-exportacion-de-libros-colombianos-crecio-un-94\/","title":{"rendered":"La exportaci\u00f3n de libros colombianos creci\u00f3 un 9,4%"},"content":{"rendered":"<p>Las <strong>exportaciones de libros de Colombia<\/strong> crecieron el a\u00f1o pasado en un 9,4 por ciento frente al 2005, al totalizar 136,4 millones de d\u00f3lares, informaron fuentes editoriales.<br \/>\n<img decoding=\"async\" src=\"http:\/\/www.exportapymes.com\/comercio-exterior-america-esp\/images\/ban\/colombia.jpg\" \/>   La C\u00e1mara Colombiana del Libro indic\u00f3 que los principales destinos de exportaci\u00f3n de los productos editoriales colombianos en 2006 fueron M\u00e9xico, Venezuela, Estados Unidos y Ecuador.<br \/>\n<!--more-->La entidad es una de las organizadoras de la Vig\u00e9sima Feria Internacional del Libro.<\/p>\n<p>En la nueva edici\u00f3n de la feria del Libro, creada en 1987, se esperan negocios por cerca de 20 millones de d\u00f3lares.<\/p>\n<p>El certamen estar\u00e1 abierto hasta el 1 de mayo en su tradicional sede, los pabellones de ferias y exposiciones de la corporaci\u00f3n Corferias.<\/p>\n<p>La delegaci\u00f3n de Chile estar\u00e1 formada por una veintena de escritores, entre ellos Gonzalo Rojas, Alberto Fuguet y Pilar Sordo.<\/p>\n","protected":false},"excerpt":{"rendered":"<p>Las exportaciones de libros de Colombia crecieron el a\u00f1o pasado en un 9,4 por ciento frente al 2005, al totalizar 136,4 millones de d\u00f3lares, informaron fuentes editoriales. La C\u00e1mara Colombiana del Libro indic\u00f3 que los principales destinos de exportaci\u00f3n de<span class=\"ellipsis\">&hellip;<\/span><\/p>\n<div class=\"read-more\"><a href=\"https:\/\/www.exportapymes.com\/comercio-exterior-america-esp\/la-exportacion-de-libros-colombianos-crecio-un-94\/\">Leer m&aacute;s &#8250;<\/a><\/div>\n<p><!-- end of .read-more --><\/p>\n","protected":false},"author":1,"featured_media":0,"comment_status":"open","ping_status":"open","sticky":false,"template":"","format":"standard","meta":{"footnotes":""},"categories":[5,24,27,49],"tags":[],"class_list":["post-1244","post","type-post","status-publish","format-standard","hentry","category-colombia","category-exportacion","category-pymes","category-pymex"],"_links":{"self":[{"href":"https:\/\/www.exportapymes.com\/comercio-exterior-america-esp\/wp-json\/wp\/v2\/posts\/1244","targetHints":{"allow":["GET"]}}],"collection":[{"href":"https:\/\/www.exportapymes.com\/comercio-exterior-america-esp\/wp-json\/wp\/v2\/posts"}],"about":[{"href":"https:\/\/www.exportapymes.com\/comercio-exterior-america-esp\/wp-json\/wp\/v2\/types\/post"}],"author":[{"embeddable":true,"href":"https:\/\/www.exportapymes.com\/comercio-exterior-america-esp\/wp-json\/wp\/v2\/users\/1"}],"replies":[{"embeddable":true,"href":"https:\/\/www.exportapymes.com\/comercio-exterior-america-esp\/wp-json\/wp\/v2\/comments?post=1244"}],"version-history":[{"count":0,"href":"https:\/\/www.exportapymes.com\/comercio-exterior-america-esp\/wp-json\/wp\/v2\/posts\/1244\/revisions"}],"wp:attachment":[{"href":"https:\/\/www.exportapymes.com\/comercio-exterior-america-esp\/wp-json\/wp\/v2\/media?parent=1244"}],"wp:term":[{"taxonomy":"category","embeddable":true,"href":"https:\/\/www.exportapymes.com\/comercio-exterior-america-esp\/wp-json\/wp\/v2\/categories?post=1244"},{"taxonomy":"post_tag","embeddable":true,"href":"https:\/\/www.exportapymes.com\/comercio-exterior-america-esp\/wp-json\/wp\/v2\/tags?post=1244"}],"curies":[{"name":"wp","href":"https:\/\/api.w.org\/{rel}","templated":true}]}}