{"id":1264,"date":"2007-05-05T14:47:04","date_gmt":"2007-05-05T21:47:04","guid":{"rendered":"http:\/\/www.exportapymes.com\/comercio-exterior-america-esp\/seminario-miercoles-del-exportador-de-prompex-2\/"},"modified":"2007-05-05T14:50:57","modified_gmt":"2007-05-05T21:50:57","slug":"seminario-miercoles-del-exportador-de-prompex-2","status":"publish","type":"post","link":"https:\/\/www.exportapymes.com\/comercio-exterior-america-esp\/seminario-miercoles-del-exportador-de-prompex-2\/","title":{"rendered":"Seminario Mi\u00e9rcoles del Exportador de Prompex"},"content":{"rendered":"<p><em>Mi\u00e9rcoles 9 de Mayo<\/em><br \/>\nLa <strong>Agencia para la Promoci\u00f3n de Exportaciones del Per\u00fa PROMPEX<\/strong>, continua con los \u201c<strong>Mi\u00e9rcoles del Exportador<\/strong>\u201d con el prop\u00f3sito de fortalecer y ampliar los conocimientos en <strong>comercio exterior<\/strong> de las <strong>medianas, peque\u00f1as y micro empresas<\/strong>.<br \/>\n<img loading=\"lazy\" decoding=\"async\" width=\"100\" src=\"http:\/\/www.exportapymes.com\/comercio-exterior-america-esp\/images\/ban\/peru.jpg\" height=\"66\" style=\"width: 100px; height: 66px\" \/>   Estos<strong> seminarios <\/strong>son presentados por especialistas de P<strong>ROMPEX<\/strong> y otras instituciones relacionadas a la <strong>cadena exportadora<\/strong>. En esta ocasi\u00f3n los temas ser\u00e1n: <strong>La Exportaci\u00f3n: Una Oportunidad de Negocios,  Proceso operativo de exportacion y Requisitos fitosanitarios para la exportaci\u00f3n a los principales mercados de destino<\/strong>.<\/p>\n<p><!--more--><strong><em>Programa:<\/em><\/strong><br \/>\n09:00 &#8211; 11:00 La Exportaci\u00f3n: Una Oportunidad de Negocios Miguel Capu\u00f1ay &#8211; ACARE PERU<br \/>\n11:00 &#8211; 13:00 Proceso operativo de exportacion (2da parte) Edal Luj\u00e1n &#8211; PROMPEX<br \/>\n15:00 &#8211; 16:20 Requisitos fitosanitarios para la exportaci\u00f3n a los principales mercados de destino (1) Paula Ramirez &#8211; DIGESA<br \/>\n16:30 &#8211; 18:00 Requisitos fitosanitarios para la exportaci\u00f3n a los principales mercados de destino (2) Vilma Gutarra &#8211; SENASA <\/p>\n<p>\u00bfCOMO PARTICIPAR?<br \/>\nRealice su preinscripci\u00f3n a trav\u00e9s de Internet: <a target=\"_blank\" href=\"http:\/\/www.prompex.gob.pe\/Miercoles\/Portal\/MME\/login_miercoles.aspx?c_evento=20070509\">DESCARGAR FICHA<\/a><br \/>\n Realice el pago correspondiente en Caja de PROMPEX, de acuerdo al tipo de evento:<br \/>\nCOSTO DE PARTICIPACI\u00d3N:<br \/>\n(1) S\/. 10<\/p>\n<p>Lugar: Auditorio de PROMPEX, sito Av. Rep\u00fablica de Panam\u00e1 3647, San Isidro.<br \/>\nAsista portando su DNI para ingresar a PROMPEX.<\/p>\n","protected":false},"excerpt":{"rendered":"<p>Mi\u00e9rcoles 9 de Mayo La Agencia para la Promoci\u00f3n de Exportaciones del Per\u00fa PROMPEX, continua con los \u201cMi\u00e9rcoles del Exportador\u201d con el prop\u00f3sito de fortalecer y ampliar los conocimientos en comercio exterior de las medianas, peque\u00f1as y micro empresas. Estos<span class=\"ellipsis\">&hellip;<\/span><\/p>\n<div class=\"read-more\"><a href=\"https:\/\/www.exportapymes.com\/comercio-exterior-america-esp\/seminario-miercoles-del-exportador-de-prompex-2\/\">Leer m&aacute;s &#8250;<\/a><\/div>\n<p><!-- end of .read-more --><\/p>\n","protected":false},"author":1,"featured_media":0,"comment_status":"open","ping_status":"open","sticky":false,"template":"","format":"standard","meta":{"footnotes":""},"categories":[28,30,24,35,32,25,17,46],"tags":[],"class_list":["post-1264","post","type-post","status-publish","format-standard","hentry","category-capacitacion","category-comercio-exterior","category-exportacion","category-exportador","category-exportar","category-internacionalizacion","category-peru","category-prompex-comision-para-la-promocion-de-exportaciones-del-peru"],"_links":{"self":[{"href":"https:\/\/www.exportapymes.com\/comercio-exterior-america-esp\/wp-json\/wp\/v2\/posts\/1264","targetHints":{"allow":["GET"]}}],"collection":[{"href":"https:\/\/www.exportapymes.com\/comercio-exterior-america-esp\/wp-json\/wp\/v2\/posts"}],"about":[{"href":"https:\/\/www.exportapymes.com\/comercio-exterior-america-esp\/wp-json\/wp\/v2\/types\/post"}],"author":[{"embeddable":true,"href":"https:\/\/www.exportapymes.com\/comercio-exterior-america-esp\/wp-json\/wp\/v2\/users\/1"}],"replies":[{"embeddable":true,"href":"https:\/\/www.exportapymes.com\/comercio-exterior-america-esp\/wp-json\/wp\/v2\/comments?post=1264"}],"version-history":[{"count":0,"href":"https:\/\/www.exportapymes.com\/comercio-exterior-america-esp\/wp-json\/wp\/v2\/posts\/1264\/revisions"}],"wp:attachment":[{"href":"https:\/\/www.exportapymes.com\/comercio-exterior-america-esp\/wp-json\/wp\/v2\/media?parent=1264"}],"wp:term":[{"taxonomy":"category","embeddable":true,"href":"https:\/\/www.exportapymes.com\/comercio-exterior-america-esp\/wp-json\/wp\/v2\/categories?post=1264"},{"taxonomy":"post_tag","embeddable":true,"href":"https:\/\/www.exportapymes.com\/comercio-exterior-america-esp\/wp-json\/wp\/v2\/tags?post=1264"}],"curies":[{"name":"wp","href":"https:\/\/api.w.org\/{rel}","templated":true}]}}