{"id":1267,"date":"2007-05-10T14:10:32","date_gmt":"2007-05-10T21:10:32","guid":{"rendered":"http:\/\/www.exportapymes.com\/comercio-exterior-america-esp\/corpei-promociona-la-marca-de-exportacion-ecuatoriana\/"},"modified":"2007-05-10T14:10:32","modified_gmt":"2007-05-10T21:10:32","slug":"corpei-promociona-la-marca-de-exportacion-ecuatoriana","status":"publish","type":"post","link":"https:\/\/www.exportapymes.com\/comercio-exterior-america-esp\/corpei-promociona-la-marca-de-exportacion-ecuatoriana\/","title":{"rendered":"Corpei promociona la Marca de Exportaci\u00f3n Ecuatoriana"},"content":{"rendered":"<p>La <strong>Corporaci\u00f3n de Promoci\u00f3n de Exportaciones e Inversiones (Corpei) <\/strong>se encuentra en el proceso de difusi\u00f3n de la <strong>marca de exportaci\u00f3n ecuatoriana<\/strong>.<br \/>\nPilar Neira Zurita, subgerente de Mercadeo y Comunicaci\u00f3n de Corpei, dio a conocer a los medios de comunicaci\u00f3n de Cuenca, mediante un seminario, sobre todo el proceso ejecutado para crear la marca, a cuyo cargo estuvo el trabajo.<br \/>\n<img decoding=\"async\" src=\"http:\/\/www.exportapymes.com\/comercio-exterior-america-esp\/images\/ban\/ecuador.jpg\" \/>   Luego de un a\u00f1o de proceso se cont\u00f3 con el logo, que desde enero de 2007 se empez\u00f3 a utilizar como imagen a<br \/>\n<!--more--> nivel internacional en las ferias donde el Ecuador participa con sus stands sobre los diferentes sectores de exportaci\u00f3n: textiles, calzado, frutas y vegetales, y otros.<\/p>\n<p>Paralelamente se han desarrollado actividades de promoci\u00f3n en supermercados del exterior, eventos gastron\u00f3micos y degustaciones.<\/p>\n<p>La campa\u00f1a se inici\u00f3 con los principales productos de exportaci\u00f3n: banano, camar\u00f3n, flores, cacao y caf\u00e9 a nivel general. Se busca que cada producto lleve el logo de la <strong>marca de exportaci\u00f3n de calidad<\/strong>, para ello se realizan reuniones con cada uno de los diferentes sectores, para determinar cu\u00e1les son los requerimientos m\u00ednimos que deben cumplir para utilizar la marca ecuatoriana en cada uno de los productos. Ser\u00e1 una entidad ajena a la Corpei la que certifique, inform\u00f3 Pilar Neira.<\/p>\n<p>El objetivo de la <strong>marca de exportaci\u00f3n<\/strong> es que se pueda identificar y reconocer en el exterior cu\u00e1les son los productos ecuatorianos, se\u00f1al\u00f3 en el seminario que fue organizado en conjunto con la Uni\u00f3n Nacional de Periodistas (UNP) N\u00facleo del Azuay.<\/p>\n<p><em>Necesidad<\/em><br \/>\nLa zona industrial es una necesidad urgente porque el parque actual est\u00e1 lleno, incluso se conoce que muchas industrias est\u00e1n emigrando a otras provincias por falta de espacio.<br \/>\nEl complejo industrial no ser\u00eda \u00fanicamente para la peque\u00f1a industria sino tambi\u00e9n para la grande.<\/p>\n<p>&#8220;Evidentemente la peque\u00f1a industria es la que m\u00e1s necesita apoyo y es por lo que nosotros estamos trabajando, que si bien no tiene el volumen econ\u00f3mico de ingresos s\u00ed tiene el volumen social o tiene la responsabilidad social. La que m\u00e1s gente tiene contratada es la peque\u00f1a industria, la artesan\u00eda y hasta la mediana industria&#8221;, manifest\u00f3 Alvarado. (LCP)<\/p>\n","protected":false},"excerpt":{"rendered":"<p>La Corporaci\u00f3n de Promoci\u00f3n de Exportaciones e Inversiones (Corpei) se encuentra en el proceso de difusi\u00f3n de la marca de exportaci\u00f3n ecuatoriana. Pilar Neira Zurita, subgerente de Mercadeo y Comunicaci\u00f3n de Corpei, dio a conocer a los medios de comunicaci\u00f3n<span class=\"ellipsis\">&hellip;<\/span><\/p>\n<div class=\"read-more\"><a href=\"https:\/\/www.exportapymes.com\/comercio-exterior-america-esp\/corpei-promociona-la-marca-de-exportacion-ecuatoriana\/\">Leer m&aacute;s &#8250;<\/a><\/div>\n<p><!-- end of .read-more --><\/p>\n","protected":false},"author":1,"featured_media":0,"comment_status":"open","ping_status":"open","sticky":false,"template":"","format":"standard","meta":{"footnotes":""},"categories":[30,42,8,24,35,32,25,29,27,49],"tags":[],"class_list":["post-1267","post","type-post","status-publish","format-standard","hentry","category-comercio-exterior","category-corpei-corporacion-de-promocion-de-exportaciones-del-ecuador","category-ecuador","category-exportacion","category-exportador","category-exportar","category-internacionalizacion","category-mipymes","category-pymes","category-pymex"],"_links":{"self":[{"href":"https:\/\/www.exportapymes.com\/comercio-exterior-america-esp\/wp-json\/wp\/v2\/posts\/1267","targetHints":{"allow":["GET"]}}],"collection":[{"href":"https:\/\/www.exportapymes.com\/comercio-exterior-america-esp\/wp-json\/wp\/v2\/posts"}],"about":[{"href":"https:\/\/www.exportapymes.com\/comercio-exterior-america-esp\/wp-json\/wp\/v2\/types\/post"}],"author":[{"embeddable":true,"href":"https:\/\/www.exportapymes.com\/comercio-exterior-america-esp\/wp-json\/wp\/v2\/users\/1"}],"replies":[{"embeddable":true,"href":"https:\/\/www.exportapymes.com\/comercio-exterior-america-esp\/wp-json\/wp\/v2\/comments?post=1267"}],"version-history":[{"count":0,"href":"https:\/\/www.exportapymes.com\/comercio-exterior-america-esp\/wp-json\/wp\/v2\/posts\/1267\/revisions"}],"wp:attachment":[{"href":"https:\/\/www.exportapymes.com\/comercio-exterior-america-esp\/wp-json\/wp\/v2\/media?parent=1267"}],"wp:term":[{"taxonomy":"category","embeddable":true,"href":"https:\/\/www.exportapymes.com\/comercio-exterior-america-esp\/wp-json\/wp\/v2\/categories?post=1267"},{"taxonomy":"post_tag","embeddable":true,"href":"https:\/\/www.exportapymes.com\/comercio-exterior-america-esp\/wp-json\/wp\/v2\/tags?post=1267"}],"curies":[{"name":"wp","href":"https:\/\/api.w.org\/{rel}","templated":true}]}}