{"id":1269,"date":"2007-05-20T20:36:25","date_gmt":"2007-05-21T03:36:25","guid":{"rendered":"http:\/\/www.exportapymes.com\/comercio-exterior-america-esp\/bolivia-y-cuba-firman-convenio-comercial-de-cooperacion-en-comercio-exterior\/"},"modified":"2007-05-20T20:36:25","modified_gmt":"2007-05-21T03:36:25","slug":"bolivia-y-cuba-firman-convenio-comercial-de-cooperacion-en-comercio-exterior","status":"publish","type":"post","link":"https:\/\/www.exportapymes.com\/comercio-exterior-america-esp\/bolivia-y-cuba-firman-convenio-comercial-de-cooperacion-en-comercio-exterior\/","title":{"rendered":"Bolivia y Cuba firman convenio comercial de cooperaci\u00f3n en comercio exterior"},"content":{"rendered":"<p>Los gobiernos e instituciones de<strong> comercio exterior de Bolivia y Cuba<\/strong> suscribieron un acuerdo de cooperaci\u00f3n para el<strong> desarrollo de las relaciones comerciales<\/strong> entre ambas naciones y la <strong>generaci\u00f3n de nuevas oportunidades<\/strong>.<br \/>\n<img decoding=\"async\" src=\"http:\/\/www.exportapymes.com\/comercio-exterior-america-esp\/images\/ban\/cuba.jpg\" \/>  <img decoding=\"async\" src=\"http:\/\/www.exportapymes.com\/comercio-exterior-america-esp\/images\/ban\/bolivia.jpg\" \/>  El convenio entre la <strong>C\u00e1mara de Comercio de la Rep\u00fablica de Cuba<\/strong> y el <strong>Centro de Promoci\u00f3n Bolivia (Ceprobol)<\/strong> fue sellado por el viceministro boliviano de Relaciones Econ\u00f3micas y Comercio Exterior, Pablo Guzm\u00e1n, y por el embajador cubano en La Paz, Rafael Daus\u00e1.<br \/>\n<!--more-->El director ejecutivo de Ceprobol, Mart\u00edn L\u00f3pez, explic\u00f3 que el pacto posibilitar\u00e1 la identificaci\u00f3n de obst\u00e1culos al comercio bilateral para su tratamiento y facilitaci\u00f3n, as\u00ed como para el aprovechamiento \u00f3ptimo de los beneficios del Tratado de Comercio de los Pueblos (TCP) y el Acuerdo de Complementaci\u00f3n Econ\u00f3mica-34 (ACE-34).<\/p>\n<p>Agreg\u00f3 que ayudar\u00e1 tambi\u00e9n al intercambio de informaci\u00f3n sobre mercados y oportunidades de negocios y a la coordinaci\u00f3n para la realizaci\u00f3n de misiones comerciales y eventos internacionales, al tiempo que a la reactivaci\u00f3n del comercio entre Bolivia y Cuba, pues uno de los mecanismos que pueden contribuir a que se consiga es la <strong>promoci\u00f3n de los bienes exportables<\/strong>.<\/p>\n<p>A su juicio, los productos que Bolivia est\u00e1 en condiciones de vender al pa\u00eds vecino son az\u00facar de ca\u00f1a refinada y en bruto, prendas de vestir en algod\u00f3n, muebles de madera, frijoles y productos de soja.<\/p>\n<p>Los objetivos principales del convenio son la estimulaci\u00f3n de la competencia, el comercio, las inversiones y la cooperaci\u00f3n mutua entre sus asociados, adem\u00e1s del intercambio peri\u00f3dico de las publicaciones que ambas instituciones editen y la inclusi\u00f3n en las mismas de informaci\u00f3n sobre perspectivas comerciales y econ\u00f3micas, para proveer a los empresarios de datos que faciliten el desarrollo de su negocio en el otro pa\u00eds.<\/p>\n<p>El Tratado de Comercio entre los Pueblos (TCP), propuesto por el presidente boliviano, Evo Morales, se cre\u00f3 en abril de 2006 en respuesta al agotamiento del modelo neoliberal, fundado en la desregulaci\u00f3n, la privatizaci\u00f3n y la apertura indiscriminada de los mercados, seg\u00fan el Gobierno del pa\u00eds altipl\u00e1nico.<\/p>\n","protected":false},"excerpt":{"rendered":"<p>Los gobiernos e instituciones de comercio exterior de Bolivia y Cuba suscribieron un acuerdo de cooperaci\u00f3n para el desarrollo de las relaciones comerciales entre ambas naciones y la generaci\u00f3n de nuevas oportunidades. El convenio entre la C\u00e1mara de Comercio de<span class=\"ellipsis\">&hellip;<\/span><\/p>\n<div class=\"read-more\"><a href=\"https:\/\/www.exportapymes.com\/comercio-exterior-america-esp\/bolivia-y-cuba-firman-convenio-comercial-de-cooperacion-en-comercio-exterior\/\">Leer m&aacute;s &#8250;<\/a><\/div>\n<p><!-- end of .read-more --><\/p>\n","protected":false},"author":1,"featured_media":0,"comment_status":"open","ping_status":"open","sticky":false,"template":"","format":"standard","meta":{"footnotes":""},"categories":[2,44,30,7,24,35,32,29,27],"tags":[],"class_list":["post-1269","post","type-post","status-publish","format-standard","hentry","category-bolivia","category-ceprobol-centro-de-promocion-bolivia","category-comercio-exterior","category-cuba","category-exportacion","category-exportador","category-exportar","category-mipymes","category-pymes"],"_links":{"self":[{"href":"https:\/\/www.exportapymes.com\/comercio-exterior-america-esp\/wp-json\/wp\/v2\/posts\/1269","targetHints":{"allow":["GET"]}}],"collection":[{"href":"https:\/\/www.exportapymes.com\/comercio-exterior-america-esp\/wp-json\/wp\/v2\/posts"}],"about":[{"href":"https:\/\/www.exportapymes.com\/comercio-exterior-america-esp\/wp-json\/wp\/v2\/types\/post"}],"author":[{"embeddable":true,"href":"https:\/\/www.exportapymes.com\/comercio-exterior-america-esp\/wp-json\/wp\/v2\/users\/1"}],"replies":[{"embeddable":true,"href":"https:\/\/www.exportapymes.com\/comercio-exterior-america-esp\/wp-json\/wp\/v2\/comments?post=1269"}],"version-history":[{"count":0,"href":"https:\/\/www.exportapymes.com\/comercio-exterior-america-esp\/wp-json\/wp\/v2\/posts\/1269\/revisions"}],"wp:attachment":[{"href":"https:\/\/www.exportapymes.com\/comercio-exterior-america-esp\/wp-json\/wp\/v2\/media?parent=1269"}],"wp:term":[{"taxonomy":"category","embeddable":true,"href":"https:\/\/www.exportapymes.com\/comercio-exterior-america-esp\/wp-json\/wp\/v2\/categories?post=1269"},{"taxonomy":"post_tag","embeddable":true,"href":"https:\/\/www.exportapymes.com\/comercio-exterior-america-esp\/wp-json\/wp\/v2\/tags?post=1269"}],"curies":[{"name":"wp","href":"https:\/\/api.w.org\/{rel}","templated":true}]}}