{"id":1272,"date":"2007-05-20T21:02:34","date_gmt":"2007-05-21T04:02:34","guid":{"rendered":"http:\/\/www.exportapymes.com\/comercio-exterior-america-esp\/costa-rica-busca-exportar-18000-millones-en-2010\/"},"modified":"2007-05-20T21:02:34","modified_gmt":"2007-05-21T04:02:34","slug":"costa-rica-busca-exportar-18000-millones-en-2010","status":"publish","type":"post","link":"https:\/\/www.exportapymes.com\/comercio-exterior-america-esp\/costa-rica-busca-exportar-18000-millones-en-2010\/","title":{"rendered":"Costa Rica busca exportar 18.000 millones en 2010"},"content":{"rendered":"<p>El Ministro costarricense de <strong>Comercio Exterior<\/strong>, <strong>Marco Vinicio Ruiz<\/strong>, present\u00f3 un <strong>plan estrat\u00e9gico<\/strong> para alcanzar este objetivo, en el cual, indic\u00f3, participaron representantes de todos los sectores productivos del pa\u00eds.<br \/>\n<img loading=\"lazy\" decoding=\"async\" width=\"100\" src=\"http:\/\/www.exportapymes.com\/comercio-exterior-america-esp\/images\/ban\/costa_rica.jpg\" height=\"60\" style=\"width: 100px; height: 60px\" \/>   Explic\u00f3 que, para elaborar el plan, &#8216;se efectuaron talleres para identificar las metas de exportaci\u00f3n de dichos sectores y aquellas \u00e1reas cr\u00edticas que deber\u00edan mejorarse para llevar las exportaciones a 18.000 millones de d\u00f3lares en el 2010&#8217;.<br \/>\n<!--more-->&#8216;El a\u00f1o pasado crecimos un 17 por ciento, pero en el periodo 2003-2006 el crecimiento de las exportaciones fue de un 10 por ciento y la pregunta clave es \u00bfc\u00f3mo lograr que el crecimiento pase de ese 10 al 22 por ciento en los pr\u00f3ximos a\u00f1os?, subray\u00f3 Ruiz en un comunicado.<\/p>\n<p>Entre los aspectos prioritarios para los sectores productivos, a\u00f1adi\u00f3 Ruiz, est\u00e1 &#8216;la aprobaci\u00f3n del Tratado de Libre Comercio con Estados Unidos (TLC), la aprobaci\u00f3n de una reforma a la ley de zonas francas acorde con las nuevas directrices de la Organizaci\u00f3n Mundial del Comercio y la suscripci\u00f3n de un Acuerdo de Asociaci\u00f3n con la Uni\u00f3n Europea&#8217;.<\/p>\n<p>La ratificaci\u00f3n del TLC con EE.UU. se decidir\u00e1 en los pr\u00f3ximos meses en un referendo.<\/p>\n<p>En 2006, Costa Rica export\u00f3 8.200 millones de d\u00f3lares, seg\u00fan cifras oficiales.<\/p>\n","protected":false},"excerpt":{"rendered":"<p>El Ministro costarricense de Comercio Exterior, Marco Vinicio Ruiz, present\u00f3 un plan estrat\u00e9gico para alcanzar este objetivo, en el cual, indic\u00f3, participaron representantes de todos los sectores productivos del pa\u00eds. Explic\u00f3 que, para elaborar el plan, &#8216;se efectuaron talleres para<span class=\"ellipsis\">&hellip;<\/span><\/p>\n<div class=\"read-more\"><a href=\"https:\/\/www.exportapymes.com\/comercio-exterior-america-esp\/costa-rica-busca-exportar-18000-millones-en-2010\/\">Leer m&aacute;s &#8250;<\/a><\/div>\n<p><!-- end of .read-more --><\/p>\n","protected":false},"author":1,"featured_media":0,"comment_status":"open","ping_status":"open","sticky":false,"template":"","format":"standard","meta":{"footnotes":""},"categories":[30,6,35,32,39],"tags":[],"class_list":["post-1272","post","type-post","status-publish","format-standard","hentry","category-comercio-exterior","category-costa-rica","category-exportador","category-exportar","category-procomer-promotora-de-comercio-exterior-de-costa-rica"],"_links":{"self":[{"href":"https:\/\/www.exportapymes.com\/comercio-exterior-america-esp\/wp-json\/wp\/v2\/posts\/1272","targetHints":{"allow":["GET"]}}],"collection":[{"href":"https:\/\/www.exportapymes.com\/comercio-exterior-america-esp\/wp-json\/wp\/v2\/posts"}],"about":[{"href":"https:\/\/www.exportapymes.com\/comercio-exterior-america-esp\/wp-json\/wp\/v2\/types\/post"}],"author":[{"embeddable":true,"href":"https:\/\/www.exportapymes.com\/comercio-exterior-america-esp\/wp-json\/wp\/v2\/users\/1"}],"replies":[{"embeddable":true,"href":"https:\/\/www.exportapymes.com\/comercio-exterior-america-esp\/wp-json\/wp\/v2\/comments?post=1272"}],"version-history":[{"count":0,"href":"https:\/\/www.exportapymes.com\/comercio-exterior-america-esp\/wp-json\/wp\/v2\/posts\/1272\/revisions"}],"wp:attachment":[{"href":"https:\/\/www.exportapymes.com\/comercio-exterior-america-esp\/wp-json\/wp\/v2\/media?parent=1272"}],"wp:term":[{"taxonomy":"category","embeddable":true,"href":"https:\/\/www.exportapymes.com\/comercio-exterior-america-esp\/wp-json\/wp\/v2\/categories?post=1272"},{"taxonomy":"post_tag","embeddable":true,"href":"https:\/\/www.exportapymes.com\/comercio-exterior-america-esp\/wp-json\/wp\/v2\/tags?post=1272"}],"curies":[{"name":"wp","href":"https:\/\/api.w.org\/{rel}","templated":true}]}}