{"id":1275,"date":"2007-05-20T21:51:32","date_gmt":"2007-05-21T04:51:32","guid":{"rendered":"http:\/\/www.exportapymes.com\/comercio-exterior-america-esp\/coexport-lanza-nuevos-programas-de-apoyo-a-pymes\/"},"modified":"2007-05-20T21:51:32","modified_gmt":"2007-05-21T04:51:32","slug":"coexport-lanza-nuevos-programas-de-apoyo-a-pymes","status":"publish","type":"post","link":"https:\/\/www.exportapymes.com\/comercio-exterior-america-esp\/coexport-lanza-nuevos-programas-de-apoyo-a-pymes\/","title":{"rendered":"Coexport lanza nuevos programas de apoyo a PyMEs"},"content":{"rendered":"<p>La <strong>Corporaci\u00f3n de Exportadores de El salvador (Coexport) <\/strong>present\u00f3 dos programas de <strong>apoyo para la Peque\u00f1a y Mediana Empresa (Pymes)<\/strong>.<br \/>\nEl primero proyecto consiste en un programa de asistencia que le facilitar\u00e1 al sector el <strong>ingreso al mercado estadounidense<\/strong>, bajo las requerimientos del <strong>Tratado de Libre Comercio con EE.UU.<\/strong>, vigente desde marzo 2006.<br \/>\n<img decoding=\"async\" src=\"http:\/\/www.exportapymes.com\/comercio-exterior-america-esp\/images\/ban\/el_salvador.jpg\" \/>   El plan se ejecuta en forma simult\u00e1nea en el resto de pa\u00edses de Centroam\u00e9rica y es financiado por el <strong>Banco Interamericano de Desarrollo (BID)<\/strong>.<br \/>\n<!--more-->Los fondos para la regi\u00f3n ascienden a 4.4 millones de d\u00f3lares y son administrados por la <strong>Federaci\u00f3n de Exportadores de Centroam\u00e9rica (Fecaexca)<\/strong>.<\/p>\n<p>El segundo plan corresponde a la apertura de la Ventanilla FAT, autorizada por <strong>Conamype<\/strong>, la cual funciona como un fondo de &#8220;matching grants&#8221; o donaciones complementarias destinadas a <strong>potenciar el desarrollo de las Pymes<\/strong>.<\/p>\n<p>&#8220;Es un fondo de coinversi\u00f3n para facilitar la asistencia t\u00e9cnica individual, colectiva o en asociatividad que subsidia hasta un 80 por ciento del costo de consultor\u00eda&#8221;, explic\u00f3 Cu\u00e9llar.<\/p>\n<p>Adicionalmente, los empresarios tuvieron la ocasi\u00f3n de conocer los avances en el proceso del Acuerdo de Asociaci\u00f3n entre Centroam\u00e9rica y la UE, el cual arrancar\u00e1 en junio pr\u00f3ximo, seg\u00fan inform\u00f3 Rigoberto Monge, coordinador de la Oficina de Apoyo al Sector Privado para las <strong>Negociaciones Comerciales Internacionales (Odasp)<\/strong>.<\/p>\n<p>Tambi\u00e9n destac\u00f3 las <strong>oportunidades que existen en el mercado estadounidense con el TLC<\/strong>, en donde viven m\u00e1s de dos millones de salvadore\u00f1os que <strong>demandan productos \u00e9tnicos<\/strong>.<\/p>\n","protected":false},"excerpt":{"rendered":"<p>La Corporaci\u00f3n de Exportadores de El salvador (Coexport) present\u00f3 dos programas de apoyo para la Peque\u00f1a y Mediana Empresa (Pymes). El primero proyecto consiste en un programa de asistencia que le facilitar\u00e1 al sector el ingreso al mercado estadounidense, bajo<span class=\"ellipsis\">&hellip;<\/span><\/p>\n<div class=\"read-more\"><a href=\"https:\/\/www.exportapymes.com\/comercio-exterior-america-esp\/coexport-lanza-nuevos-programas-de-apoyo-a-pymes\/\">Leer m&aacute;s &#8250;<\/a><\/div>\n<p><!-- end of .read-more --><\/p>\n","protected":false},"author":1,"featured_media":0,"comment_status":"open","ping_status":"open","sticky":false,"template":"","format":"standard","meta":{"footnotes":""},"categories":[30,9,24,35,32,25,29,27],"tags":[],"class_list":["post-1275","post","type-post","status-publish","format-standard","hentry","category-comercio-exterior","category-el-salvador","category-exportacion","category-exportador","category-exportar","category-internacionalizacion","category-mipymes","category-pymes"],"_links":{"self":[{"href":"https:\/\/www.exportapymes.com\/comercio-exterior-america-esp\/wp-json\/wp\/v2\/posts\/1275","targetHints":{"allow":["GET"]}}],"collection":[{"href":"https:\/\/www.exportapymes.com\/comercio-exterior-america-esp\/wp-json\/wp\/v2\/posts"}],"about":[{"href":"https:\/\/www.exportapymes.com\/comercio-exterior-america-esp\/wp-json\/wp\/v2\/types\/post"}],"author":[{"embeddable":true,"href":"https:\/\/www.exportapymes.com\/comercio-exterior-america-esp\/wp-json\/wp\/v2\/users\/1"}],"replies":[{"embeddable":true,"href":"https:\/\/www.exportapymes.com\/comercio-exterior-america-esp\/wp-json\/wp\/v2\/comments?post=1275"}],"version-history":[{"count":0,"href":"https:\/\/www.exportapymes.com\/comercio-exterior-america-esp\/wp-json\/wp\/v2\/posts\/1275\/revisions"}],"wp:attachment":[{"href":"https:\/\/www.exportapymes.com\/comercio-exterior-america-esp\/wp-json\/wp\/v2\/media?parent=1275"}],"wp:term":[{"taxonomy":"category","embeddable":true,"href":"https:\/\/www.exportapymes.com\/comercio-exterior-america-esp\/wp-json\/wp\/v2\/categories?post=1275"},{"taxonomy":"post_tag","embeddable":true,"href":"https:\/\/www.exportapymes.com\/comercio-exterior-america-esp\/wp-json\/wp\/v2\/tags?post=1275"}],"curies":[{"name":"wp","href":"https:\/\/api.w.org\/{rel}","templated":true}]}}