{"id":1279,"date":"2007-05-21T14:00:28","date_gmt":"2007-05-21T21:00:28","guid":{"rendered":"http:\/\/www.exportapymes.com\/comercio-exterior-america-esp\/nuevo-portal-europeo-para-la-internacionalizacion-de-las-pymes\/"},"modified":"2007-05-21T14:10:09","modified_gmt":"2007-05-21T21:10:09","slug":"nuevo-portal-europeo-para-la-internacionalizacion-de-las-pymes","status":"publish","type":"post","link":"https:\/\/www.exportapymes.com\/comercio-exterior-america-esp\/nuevo-portal-europeo-para-la-internacionalizacion-de-las-pymes\/","title":{"rendered":"Nuevo portal europeo de informacion para la Internacionalizaci\u00f3n de las PyMEs"},"content":{"rendered":"<p align=\"left\">La Comisi\u00f3n Europea ha puesto en marcha un portal dirigido a las <strong>peque\u00f1as y medianas empresas<\/strong> para facilitarles el acceso a la informaci\u00f3n sobre las pol\u00edticas y los <strong>programas que la Uni\u00f3n Europea<\/strong> ha puesto en marcha a favor de las <strong>PyMEs<\/strong>:<br \/>\n<strong>Internacionalizaci\u00f3n de empresas<\/strong>: <a target=\"_blank\" href=\"http:\/\/ec.europa.eu\/enterprise\/sme\/international_es.htm\">http:\/\/ec.europa.eu\/enterprise\/sme\/international_es.htm<\/a><br \/>\n<img decoding=\"async\" src=\"http:\/\/www.exportapymes.com\/comercio-exterior-america-esp\/images\/ban\/spain.jpg\" \/>  <img decoding=\"async\" src=\"http:\/\/www.exportapymes.com\/comercio-exterior-america-esp\/images\/ban\/union-europea.gif\" \/><br \/>\n<!--more--><br \/>\nLa Comisi\u00f3n Europea ha puesto en marcha un portal dirigido a las <strong>peque\u00f1as y medianas empresas<\/strong> para facilitarles el acceso a la informaci\u00f3n sobre las pol\u00edticas y los <strong>programas que la Uni\u00f3n Europea<\/strong> ha puesto en marcha a favor de las <strong>PyMEs<\/strong>:<br \/>\n<strong>Internacionalizaci\u00f3n de empresas<\/strong>: <a href=\"http:\/\/ec.europa.eu\/enterprise\/sme\/international_es.htm\">http:\/\/ec.europa.eu\/enterprise\/sme\/international_es.htm<\/a><\/p>\n","protected":false},"excerpt":{"rendered":"<p>La Comisi\u00f3n Europea ha puesto en marcha un portal dirigido a las peque\u00f1as y medianas empresas para facilitarles el acceso a la informaci\u00f3n sobre las pol\u00edticas y los programas que la Uni\u00f3n Europea ha puesto en marcha a favor de<span class=\"ellipsis\">&hellip;<\/span><\/p>\n<div class=\"read-more\"><a href=\"https:\/\/www.exportapymes.com\/comercio-exterior-america-esp\/nuevo-portal-europeo-para-la-internacionalizacion-de-las-pymes\/\">Leer m&aacute;s &#8250;<\/a><\/div>\n<p><!-- end of .read-more --><\/p>\n","protected":false},"author":1,"featured_media":0,"comment_status":"open","ping_status":"open","sticky":false,"template":"","format":"standard","meta":{"footnotes":""},"categories":[22,25,29,27,49],"tags":[],"class_list":["post-1279","post","type-post","status-publish","format-standard","hentry","category-espana","category-internacionalizacion","category-mipymes","category-pymes","category-pymex"],"_links":{"self":[{"href":"https:\/\/www.exportapymes.com\/comercio-exterior-america-esp\/wp-json\/wp\/v2\/posts\/1279","targetHints":{"allow":["GET"]}}],"collection":[{"href":"https:\/\/www.exportapymes.com\/comercio-exterior-america-esp\/wp-json\/wp\/v2\/posts"}],"about":[{"href":"https:\/\/www.exportapymes.com\/comercio-exterior-america-esp\/wp-json\/wp\/v2\/types\/post"}],"author":[{"embeddable":true,"href":"https:\/\/www.exportapymes.com\/comercio-exterior-america-esp\/wp-json\/wp\/v2\/users\/1"}],"replies":[{"embeddable":true,"href":"https:\/\/www.exportapymes.com\/comercio-exterior-america-esp\/wp-json\/wp\/v2\/comments?post=1279"}],"version-history":[{"count":0,"href":"https:\/\/www.exportapymes.com\/comercio-exterior-america-esp\/wp-json\/wp\/v2\/posts\/1279\/revisions"}],"wp:attachment":[{"href":"https:\/\/www.exportapymes.com\/comercio-exterior-america-esp\/wp-json\/wp\/v2\/media?parent=1279"}],"wp:term":[{"taxonomy":"category","embeddable":true,"href":"https:\/\/www.exportapymes.com\/comercio-exterior-america-esp\/wp-json\/wp\/v2\/categories?post=1279"},{"taxonomy":"post_tag","embeddable":true,"href":"https:\/\/www.exportapymes.com\/comercio-exterior-america-esp\/wp-json\/wp\/v2\/tags?post=1279"}],"curies":[{"name":"wp","href":"https:\/\/api.w.org\/{rel}","templated":true}]}}