{"id":128,"date":"2006-03-14T15:39:43","date_gmt":"2006-03-14T22:39:43","guid":{"rendered":"http:\/\/www.exportapymes.com\/comercio-exterior-america-esp\/mision-comercial-de-colombia-visitara-panama-en-busca-de-negocios\/"},"modified":"2006-03-14T15:39:43","modified_gmt":"2006-03-14T22:39:43","slug":"mision-comercial-de-colombia-visitara-panama-en-busca-de-negocios","status":"publish","type":"post","link":"https:\/\/www.exportapymes.com\/comercio-exterior-america-esp\/mision-comercial-de-colombia-visitara-panama-en-busca-de-negocios\/","title":{"rendered":"Misi\u00f3n comercial de Colombia visitar\u00e1 Panam\u00e1 en busca de negocios"},"content":{"rendered":"<p>Una misi\u00f3n comercial de Colombia llegar\u00e1 a Panam\u00e1 para concertar citas de <strong>negocios<\/strong> y fortalecer <strong>el intercambio de productos y servicios<\/strong> entre ambos pa\u00edses, inform\u00f3 una fuente oficial.<br \/>\n<img decoding=\"async\" src=\"http:\/\/www.exportapymes.com\/comercio-exterior-america-esp\/images\/ban\/colombia.jpg\" \/>   Los empresarios que integran la misi\u00f3n, entre ellos<strong> exportadores e importadores<\/strong> de manufacturas, dedicar\u00e1n una jornada de<br \/>\n<!--more--><\/p>\n<p>cerca de doce horas para las citas de negocios, que se llevar\u00e1n a cabo el d\u00eda 14 de marzo, dijo una fuente del ministerio de Comercio e Industrias de Panam\u00e1.<\/p>\n<p>A\u00f1adi\u00f3 que, aunque todav\u00eda no se ha hecho oficial, es posible que la viceministra de Comercio Exterior de Panam\u00e1, Carmen Gisela Vergara, d\u00e9 la bienvenida a los empresarios colombianos.<\/p>\n<p>La visita cuenta con el apoyo de la C\u00e1mara de Comercio e Industrias Colombo-Paname\u00f1a y de la C\u00e1mara de Comercio de Manizales (Colombia).<\/p>\n<p>Los representantes de al menos ocho empresas colombianas esperan establecer contactos de negocios con empresas paname\u00f1as del sector p\u00fablico y privado, industrias, jefes de compras, gerentes, distribuidores al por menor y mayoristas, decoradores, arquitectos, constructores, hoteles y cadenas de almacenes, entre otros.<\/p>\n<p>Entre las empresas que integran la misi\u00f3n se encuentran Arme S.A., productor y comercializador de metal-mec\u00e1nica liviana; Almac\u00e9n Cortinas y Tapetes, importador de textiles y decoraci\u00f3n; La Buhardilla Dise\u00f1o Interior, productor y comercializador de muebles para el hogar, y Gama Impresores, productor de impresi\u00f3n litogr\u00e1fica.<\/p>\n<p>Tambi\u00e9n est\u00e1n Tropifrutas, en el sector de la producci\u00f3n y comercializaci\u00f3n agroindustrial; Ventech Limitada, manufacturero productor de pasamanos, ventanas y puertas en PVC, y Editores, S.A., fabricante y productor de impresos publicitarios y cat\u00e1logos, entre otras.<\/p>\n","protected":false},"excerpt":{"rendered":"<p>Una misi\u00f3n comercial de Colombia llegar\u00e1 a Panam\u00e1 para concertar citas de negocios y fortalecer el intercambio de productos y servicios entre ambos pa\u00edses, inform\u00f3 una fuente oficial. Los empresarios que integran la misi\u00f3n, entre ellos exportadores e importadores de<span class=\"ellipsis\">&hellip;<\/span><\/p>\n<div class=\"read-more\"><a href=\"https:\/\/www.exportapymes.com\/comercio-exterior-america-esp\/mision-comercial-de-colombia-visitara-panama-en-busca-de-negocios\/\">Leer m&aacute;s &#8250;<\/a><\/div>\n<p><!-- end of .read-more --><\/p>\n","protected":false},"author":1,"featured_media":0,"comment_status":"open","ping_status":"open","sticky":false,"template":"","format":"standard","meta":{"footnotes":""},"categories":[5],"tags":[],"class_list":["post-128","post","type-post","status-publish","format-standard","hentry","category-colombia"],"_links":{"self":[{"href":"https:\/\/www.exportapymes.com\/comercio-exterior-america-esp\/wp-json\/wp\/v2\/posts\/128","targetHints":{"allow":["GET"]}}],"collection":[{"href":"https:\/\/www.exportapymes.com\/comercio-exterior-america-esp\/wp-json\/wp\/v2\/posts"}],"about":[{"href":"https:\/\/www.exportapymes.com\/comercio-exterior-america-esp\/wp-json\/wp\/v2\/types\/post"}],"author":[{"embeddable":true,"href":"https:\/\/www.exportapymes.com\/comercio-exterior-america-esp\/wp-json\/wp\/v2\/users\/1"}],"replies":[{"embeddable":true,"href":"https:\/\/www.exportapymes.com\/comercio-exterior-america-esp\/wp-json\/wp\/v2\/comments?post=128"}],"version-history":[{"count":0,"href":"https:\/\/www.exportapymes.com\/comercio-exterior-america-esp\/wp-json\/wp\/v2\/posts\/128\/revisions"}],"wp:attachment":[{"href":"https:\/\/www.exportapymes.com\/comercio-exterior-america-esp\/wp-json\/wp\/v2\/media?parent=128"}],"wp:term":[{"taxonomy":"category","embeddable":true,"href":"https:\/\/www.exportapymes.com\/comercio-exterior-america-esp\/wp-json\/wp\/v2\/categories?post=128"},{"taxonomy":"post_tag","embeddable":true,"href":"https:\/\/www.exportapymes.com\/comercio-exterior-america-esp\/wp-json\/wp\/v2\/tags?post=128"}],"curies":[{"name":"wp","href":"https:\/\/api.w.org\/{rel}","templated":true}]}}