{"id":129,"date":"2006-03-14T15:46:24","date_gmt":"2006-03-14T22:46:24","guid":{"rendered":"http:\/\/www.exportapymes.com\/comercio-exterior-america-esp\/plan-de-internacionalizacion-para-el-sector-joyero-cordobes\/"},"modified":"2006-03-14T15:46:50","modified_gmt":"2006-03-14T22:46:50","slug":"plan-de-internacionalizacion-para-el-sector-joyero-cordobes","status":"publish","type":"post","link":"https:\/\/www.exportapymes.com\/comercio-exterior-america-esp\/plan-de-internacionalizacion-para-el-sector-joyero-cordobes\/","title":{"rendered":"Plan de internacionalizaci\u00f3n para el sector joyero cordob\u00e9s"},"content":{"rendered":"<p>El sector espera que el <strong>plan de exportaci\u00f3n<\/strong> est\u00e9 listo en mayo. El programa de actuaci\u00f3n tendr\u00e1 un periodo de vigencia de tres a\u00f1os y su coste ser\u00e1 sufragado a partes iguales entre las empresas y la Junta.<br \/>\n<img decoding=\"async\" src=\"http:\/\/www.exportapymes.com\/comercio-exterior-america-esp\/images\/ban\/spain.jpg\" \/>   Un a\u00f1o despu\u00e9s de que el consejero de Turismo, Comercio y Deporte, Paulino Plata, planteara la posibilidad de la realizaci\u00f3n de un<strong> plan de internacionalizaci\u00f3n para el sector joyero cordob\u00e9s<\/strong>, todo <!--more-->parece encauzado para que este programa pueda ser una realidad en poco tiempo. As\u00ed lo asegur\u00f3 el secretario general de la Asociaci\u00f3n Provincial de Joyeros, Plateros y Relojeros, Rafael Rodr\u00edguez Aparicio, durante la inauguraci\u00f3n de la 22\u00aa edici\u00f3n del Sal\u00f3n Monogr\u00e1fico de la Joya Cordobesa (Joyacor) en el Centro Sociocultural Miguel Castillejo. Este dirigente empresarial afirm\u00f3 que &#8220;estamos terminando de perfilar con la Agencia de Promoci\u00f3n Exterior (Extenda) las acciones contenidas en el documento final, algo que esperamos que est\u00e9 listo en el plazo de un mes y medio&#8221;, por lo que podr\u00eda ser una realidad en mayo.<\/p>\n<p>Las previsiones son que este programa tenga una duraci\u00f3n de tres a\u00f1os y su presupuesto, que a\u00fan est\u00e1 por cuantificar en todos sus t\u00e9rminos, sea sufragado a partes iguales por los propios orfebres y por el citado organismo de la Administraci\u00f3n auton\u00f3mica. No obstante, Rodr\u00edguez Aparicio adelant\u00f3 que algunas de las l\u00edneas de actuaci\u00f3n ser\u00e1n similares a otras que ya se vienen desarrollando, como la realizaci\u00f3n de misiones comerciales en los pa\u00edses en los que Extenda cuenta con alguna delegaci\u00f3n.<\/p>\n<p>Otro de los aspectos que est\u00e1 pendiente de aclararse es el n\u00famero de firmas que participar\u00e1n en el proyecto. En el caso del plan que se est\u00e1 preparando para el sector del mueble, han sido 22 las compa\u00f1\u00edas que se han sumado a esta iniciativa. El tambi\u00e9n director del comit\u00e9 de organizaci\u00f3n de Joyacor apunt\u00f3 que este programa &#8220;estar\u00e1 abierto a todas aquellas empresas que quieran unirse a \u00e9l, teniendo en cuenta que cada una de ellas desarrolla un producto concreto y que estar\u00e1n interesadas en distintos mercados&#8221;.<\/p>\n<p>Menos optimista se mostr\u00f3 ayer el delegado provincial de Turismo, Comercio y Deporte, Valent\u00edn Priego, quien \u00fanicamente se comprometi\u00f3 a que &#8220;a lo largo de este a\u00f1o se sienten las bases del plan de actuaci\u00f3n en cuanto al n\u00famero de empresas que se integrar\u00e1n en \u00e9l, de modo que a partir de ese momento se elabore el proyecto definitivo&#8221;. Sea como fuere, descart\u00f3 que esta iniciativa haya sufrido alg\u00fan tipo de retraso, &#8220;puesto que est\u00e1 siguiendo los plazos normales que se han mantenido en otros casos similares, como es el caso del mueble&#8221;. No obstante, justific\u00f3 el hecho de que durante estos meses no haya habido resultados palpables en que el sector &#8220;ha estado m\u00e1s ocupado en otros aspectos, como es la puesta en marcha del Parque Joyero&#8221;.<\/p>\n<p>El gran objetivo del <strong>programa de internacionalizaci\u00f3n<\/strong>, que es aumentar la cuota de <strong>mercado en el exterior<\/strong> de los industriales cordobeses, coincide tambi\u00e9n con una de las metas principales que se ha marcado la organizaci\u00f3n de Joyacor 2006, que concluir\u00e1 el pr\u00f3ximo lunes. Hasta esa jornada m\u00e1s de 150 compa\u00f1\u00edas y alrededor de 10.000 personas se dar\u00e1n cita en el pabell\u00f3n del Parque Joyero con el fin de conocer las \u00faltimas novedades de este sector. El D\u00eda de C\u00f3rdoba<\/p>\n","protected":false},"excerpt":{"rendered":"<p>El sector espera que el plan de exportaci\u00f3n est\u00e9 listo en mayo. El programa de actuaci\u00f3n tendr\u00e1 un periodo de vigencia de tres a\u00f1os y su coste ser\u00e1 sufragado a partes iguales entre las empresas y la Junta. Un a\u00f1o<span class=\"ellipsis\">&hellip;<\/span><\/p>\n<div class=\"read-more\"><a href=\"https:\/\/www.exportapymes.com\/comercio-exterior-america-esp\/plan-de-internacionalizacion-para-el-sector-joyero-cordobes\/\">Leer m&aacute;s &#8250;<\/a><\/div>\n<p><!-- end of .read-more --><\/p>\n","protected":false},"author":1,"featured_media":0,"comment_status":"open","ping_status":"open","sticky":false,"template":"","format":"standard","meta":{"footnotes":""},"categories":[22],"tags":[],"class_list":["post-129","post","type-post","status-publish","format-standard","hentry","category-espana"],"_links":{"self":[{"href":"https:\/\/www.exportapymes.com\/comercio-exterior-america-esp\/wp-json\/wp\/v2\/posts\/129","targetHints":{"allow":["GET"]}}],"collection":[{"href":"https:\/\/www.exportapymes.com\/comercio-exterior-america-esp\/wp-json\/wp\/v2\/posts"}],"about":[{"href":"https:\/\/www.exportapymes.com\/comercio-exterior-america-esp\/wp-json\/wp\/v2\/types\/post"}],"author":[{"embeddable":true,"href":"https:\/\/www.exportapymes.com\/comercio-exterior-america-esp\/wp-json\/wp\/v2\/users\/1"}],"replies":[{"embeddable":true,"href":"https:\/\/www.exportapymes.com\/comercio-exterior-america-esp\/wp-json\/wp\/v2\/comments?post=129"}],"version-history":[{"count":0,"href":"https:\/\/www.exportapymes.com\/comercio-exterior-america-esp\/wp-json\/wp\/v2\/posts\/129\/revisions"}],"wp:attachment":[{"href":"https:\/\/www.exportapymes.com\/comercio-exterior-america-esp\/wp-json\/wp\/v2\/media?parent=129"}],"wp:term":[{"taxonomy":"category","embeddable":true,"href":"https:\/\/www.exportapymes.com\/comercio-exterior-america-esp\/wp-json\/wp\/v2\/categories?post=129"},{"taxonomy":"post_tag","embeddable":true,"href":"https:\/\/www.exportapymes.com\/comercio-exterior-america-esp\/wp-json\/wp\/v2\/tags?post=129"}],"curies":[{"name":"wp","href":"https:\/\/api.w.org\/{rel}","templated":true}]}}