{"id":1291,"date":"2007-05-29T15:54:07","date_gmt":"2007-05-29T22:54:07","guid":{"rendered":"http:\/\/www.exportapymes.com\/comercio-exterior-america-esp\/pymex-chilenas-se-proyectan-al-mundo\/"},"modified":"2007-05-29T15:54:07","modified_gmt":"2007-05-29T22:54:07","slug":"pymex-chilenas-se-proyectan-al-mundo","status":"publish","type":"post","link":"https:\/\/www.exportapymes.com\/comercio-exterior-america-esp\/pymex-chilenas-se-proyectan-al-mundo\/","title":{"rendered":"Pymex Chilenas Se Proyectan al Mundo"},"content":{"rendered":"<p><strong>ProChile <\/strong>y <strong>Fundes<\/strong> buscan a trav\u00e9s de esta iniciativa, familiarizar al <strong>peque\u00f1o y mediano empresario<\/strong> con el <strong>negocio exportador<\/strong>, incentiv\u00e1ndolo a realizar en su<strong> empresa<\/strong> los esfuerzos y cambios necesarios para alcanzar un mayor grado de <strong>\u00e9xito en su internacionalizaci\u00f3n<\/strong>.<br \/>\n<img loading=\"lazy\" decoding=\"async\" width=\"100\" src=\"http:\/\/www.exportapymes.com\/comercio-exterior-america-esp\/images\/ban\/chile.jpg\" height=\"66\" style=\"width: 100px; height: 66px\" \/>   Un particular y fuerte compromiso con la actividad que llevan a cabo como <strong>exportadores <\/strong>y que va m\u00e1s all\u00e1 del negocio en s\u00ed, en cierta medida, pasan a sentirse Embajadores de Chile en cada uno de los pa\u00edses  que visitan y hacen negocios. Esta es una de las conclusiones que incorpora el libro \u201c<strong>Pymex chilenas se proyectan al mundo<\/strong>:<br \/>\n<!--more--> Casos para aprender\u201d, una iniciativa de <strong>ProChile y Fundes<\/strong> presentada esta ma\u00f1ana por el Subsecretario de Relaciones Exteriores, <strong>Alberto Van Klaveren<\/strong>.<\/p>\n<p>Van Klaveren destac\u00f3 la difusi\u00f3n de estos ejemplos que pueden <strong>apoyar a los empresarios<\/strong> que est\u00e9n pensando en <strong>exportar<\/strong>. \u201cAqu\u00ed vemos como con creatividad las<strong> Pymex<\/strong> han superado obst\u00e1culos y se han transformado en <strong>exportadoras exitosas<\/strong>\u201d, precis\u00f3.<\/p>\n<p>Por su parte, la Directora de<strong> ProChile<\/strong>, <strong>Alicia Frohmann<\/strong> afirm\u00f3 que este libro surge como un aporte concreto al conocimiento de las <strong>peque\u00f1as y medianas empresas que han decidido internacionalizarse<\/strong>.<\/p>\n<p>Desde el 2003 ProChile ha venido focalizando su trabajo en la <strong>internacionalizaci\u00f3n de la Peque\u00f1a y Mediana Empresa Exportadora (Pymex)<\/strong>. Uno de los ejes centrales para la definici\u00f3n de este trabajo, ha sido la realizaci\u00f3n de una serie de estudios que han permitido determinar las caracter\u00edsticas y necesidades de este segmento empresarial.<\/p>\n<p>Durante el 2005, <strong>Fundes Chile y ProChile<\/strong> publicaron la investigaci\u00f3n sobre \u201c<strong>Buenas pr\u00e1cticas de las Pymes exportadoras exitosas chilenas<\/strong>\u201d. El libro que se present\u00f3 hoy es la continuidad de este trabajo.<\/p>\n<p>De acuerdo a lo expuesto por Alicia Frohmann, la idea del libro fue exponer mediante un lenguaje sencillo y coloquial, casos reales de <strong>estrategias de internacionalizaci\u00f3n de Pymex<\/strong> que les han permitido ingresar y mantenerse exitosamente en el <strong>negocio exportador<\/strong>. Mediante estos casos, se busca familiarizar al peque\u00f1o y mediano empresario con el <strong>negocio exportador<\/strong>, incentiv\u00e1ndolo a realizar en su empresa los esfuerzos y cambios necesarios para alcanzar un mayor grado de<strong> \u00e9xito en su internacionalizaci\u00f3n<\/strong>.  Chile.com<br \/>\nAcceda al libro en <a target=\"_blank\" href=\"http:\/\/www.prochile.cl\/documentos\/libro_pymex_casos\/libro_pymex_casos_indice.php\">http:\/\/www.prochile.cl\/documentos\/libro_pymex_casos\/libro_pymex_casos_indice.php<\/a><\/p>\n","protected":false},"excerpt":{"rendered":"<p>ProChile y Fundes buscan a trav\u00e9s de esta iniciativa, familiarizar al peque\u00f1o y mediano empresario con el negocio exportador, incentiv\u00e1ndolo a realizar en su empresa los esfuerzos y cambios necesarios para alcanzar un mayor grado de \u00e9xito en su internacionalizaci\u00f3n.<span class=\"ellipsis\">&hellip;<\/span><\/p>\n<div class=\"read-more\"><a href=\"https:\/\/www.exportapymes.com\/comercio-exterior-america-esp\/pymex-chilenas-se-proyectan-al-mundo\/\">Leer m&aacute;s &#8250;<\/a><\/div>\n<p><!-- end of .read-more --><\/p>\n","protected":false},"author":1,"featured_media":0,"comment_status":"open","ping_status":"open","sticky":false,"template":"","format":"standard","meta":{"footnotes":""},"categories":[4,30,24,35,32,25,29,40,27,49],"tags":[],"class_list":["post-1291","post","type-post","status-publish","format-standard","hentry","category-chile","category-comercio-exterior","category-exportacion","category-exportador","category-exportar","category-internacionalizacion","category-mipymes","category-prochile","category-pymes","category-pymex"],"_links":{"self":[{"href":"https:\/\/www.exportapymes.com\/comercio-exterior-america-esp\/wp-json\/wp\/v2\/posts\/1291","targetHints":{"allow":["GET"]}}],"collection":[{"href":"https:\/\/www.exportapymes.com\/comercio-exterior-america-esp\/wp-json\/wp\/v2\/posts"}],"about":[{"href":"https:\/\/www.exportapymes.com\/comercio-exterior-america-esp\/wp-json\/wp\/v2\/types\/post"}],"author":[{"embeddable":true,"href":"https:\/\/www.exportapymes.com\/comercio-exterior-america-esp\/wp-json\/wp\/v2\/users\/1"}],"replies":[{"embeddable":true,"href":"https:\/\/www.exportapymes.com\/comercio-exterior-america-esp\/wp-json\/wp\/v2\/comments?post=1291"}],"version-history":[{"count":0,"href":"https:\/\/www.exportapymes.com\/comercio-exterior-america-esp\/wp-json\/wp\/v2\/posts\/1291\/revisions"}],"wp:attachment":[{"href":"https:\/\/www.exportapymes.com\/comercio-exterior-america-esp\/wp-json\/wp\/v2\/media?parent=1291"}],"wp:term":[{"taxonomy":"category","embeddable":true,"href":"https:\/\/www.exportapymes.com\/comercio-exterior-america-esp\/wp-json\/wp\/v2\/categories?post=1291"},{"taxonomy":"post_tag","embeddable":true,"href":"https:\/\/www.exportapymes.com\/comercio-exterior-america-esp\/wp-json\/wp\/v2\/tags?post=1291"}],"curies":[{"name":"wp","href":"https:\/\/api.w.org\/{rel}","templated":true}]}}