{"id":1294,"date":"2007-06-04T20:56:22","date_gmt":"2007-06-05T03:56:22","guid":{"rendered":"http:\/\/www.exportapymes.com\/comercio-exterior-america-esp\/seminario-oportunidades-para-pymes-exportadoras-mercados-nichos-de-alimentos-en-eeuu\/"},"modified":"2007-06-04T20:56:22","modified_gmt":"2007-06-05T03:56:22","slug":"seminario-oportunidades-para-pymes-exportadoras-mercados-nichos-de-alimentos-en-eeuu","status":"publish","type":"post","link":"https:\/\/www.exportapymes.com\/comercio-exterior-america-esp\/seminario-oportunidades-para-pymes-exportadoras-mercados-nichos-de-alimentos-en-eeuu\/","title":{"rendered":"Seminario Oportunidades Para PyMEs Exportadoras: Mercados Nichos de Alimentos en EE.UU."},"content":{"rendered":"<p>Organizado por <strong>Prochile<\/strong>, la <strong>C\u00e1mara Chileno-Norteamericana de Comercio (AMCHAM)<\/strong> y la <strong>Sociedad de Fomento Fabril (SOFOFA)<\/strong>, se llevar\u00e1 cabo el d\u00eda 6 de junio, el <strong>Seminario &#8220;Oportunidades Para Pymes Exportadoras: Mercados Nichos de Alimentos en EE.UU.&#8221;<\/strong><br \/>\n<img decoding=\"async\" src=\"http:\/\/www.exportapymes.com\/comercio-exterior-america-esp\/images\/ban\/chile.jpg\" \/>   Esta conferencia ser\u00e1 la oportunidad para conocer cu\u00e1l ha sido la experiencia de quienes han entrado a mercados espec\u00edficos en ese pa\u00eds y cu\u00e1l es la visi\u00f3n de expertos de Estados Unidos sobre la materia.<br \/>\n<!--more--><\/p>\n<p>Organizado por Prochile, la C\u00e1mara Chileno-Norteamericana de Comercio (AMCHAM) y la Sociedad de Fomento Fabril (SOFOFA), se llevar\u00e1 cabo el d\u00eda 6 de junio, el Seminario &#8220;Oportunidades Para Pymes Exportadoras: Mercados Nichos de Alimentos en EE.UU.&#8221;<br \/>\nEsta conferencia ser\u00e1 la oportunidad para conocer cu\u00e1l ha sido la experiencia de quienes han entrado a mercados espec\u00edficos en ese pa\u00eds y cu\u00e1l es la visi\u00f3n de expertos de Estados Unidos sobre la materia.<br \/>\nInformes e inscripci\u00f3n: <a target=\"_blank\" href=\"http:\/\/www.prochile.cl\/noticias\/noticia.php?sec=6900\">http:\/\/www.prochile.cl\/noticias\/noticia.php?sec=6900<\/a><\/p>\n","protected":false},"excerpt":{"rendered":"<p>Organizado por Prochile, la C\u00e1mara Chileno-Norteamericana de Comercio (AMCHAM) y la Sociedad de Fomento Fabril (SOFOFA), se llevar\u00e1 cabo el d\u00eda 6 de junio, el Seminario &#8220;Oportunidades Para Pymes Exportadoras: Mercados Nichos de Alimentos en EE.UU.&#8221; Esta conferencia ser\u00e1 la<span class=\"ellipsis\">&hellip;<\/span><\/p>\n<div class=\"read-more\"><a href=\"https:\/\/www.exportapymes.com\/comercio-exterior-america-esp\/seminario-oportunidades-para-pymes-exportadoras-mercados-nichos-de-alimentos-en-eeuu\/\">Leer m&aacute;s &#8250;<\/a><\/div>\n<p><!-- end of .read-more --><\/p>\n","protected":false},"author":1,"featured_media":0,"comment_status":"open","ping_status":"open","sticky":false,"template":"","format":"standard","meta":{"footnotes":""},"categories":[28,4,24,35,32,29,40,27],"tags":[],"class_list":["post-1294","post","type-post","status-publish","format-standard","hentry","category-capacitacion","category-chile","category-exportacion","category-exportador","category-exportar","category-mipymes","category-prochile","category-pymes"],"_links":{"self":[{"href":"https:\/\/www.exportapymes.com\/comercio-exterior-america-esp\/wp-json\/wp\/v2\/posts\/1294","targetHints":{"allow":["GET"]}}],"collection":[{"href":"https:\/\/www.exportapymes.com\/comercio-exterior-america-esp\/wp-json\/wp\/v2\/posts"}],"about":[{"href":"https:\/\/www.exportapymes.com\/comercio-exterior-america-esp\/wp-json\/wp\/v2\/types\/post"}],"author":[{"embeddable":true,"href":"https:\/\/www.exportapymes.com\/comercio-exterior-america-esp\/wp-json\/wp\/v2\/users\/1"}],"replies":[{"embeddable":true,"href":"https:\/\/www.exportapymes.com\/comercio-exterior-america-esp\/wp-json\/wp\/v2\/comments?post=1294"}],"version-history":[{"count":0,"href":"https:\/\/www.exportapymes.com\/comercio-exterior-america-esp\/wp-json\/wp\/v2\/posts\/1294\/revisions"}],"wp:attachment":[{"href":"https:\/\/www.exportapymes.com\/comercio-exterior-america-esp\/wp-json\/wp\/v2\/media?parent=1294"}],"wp:term":[{"taxonomy":"category","embeddable":true,"href":"https:\/\/www.exportapymes.com\/comercio-exterior-america-esp\/wp-json\/wp\/v2\/categories?post=1294"},{"taxonomy":"post_tag","embeddable":true,"href":"https:\/\/www.exportapymes.com\/comercio-exterior-america-esp\/wp-json\/wp\/v2\/tags?post=1294"}],"curies":[{"name":"wp","href":"https:\/\/api.w.org\/{rel}","templated":true}]}}