{"id":1298,"date":"2007-06-05T06:33:16","date_gmt":"2007-06-05T13:33:16","guid":{"rendered":"http:\/\/www.exportapymes.com\/comercio-exterior-america-esp\/pymes-mexicanas-recibiran-incentivos-para-su-internacionalizacion\/"},"modified":"2007-06-05T06:33:16","modified_gmt":"2007-06-05T13:33:16","slug":"pymes-mexicanas-recibiran-incentivos-para-su-internacionalizacion","status":"publish","type":"post","link":"https:\/\/www.exportapymes.com\/comercio-exterior-america-esp\/pymes-mexicanas-recibiran-incentivos-para-su-internacionalizacion\/","title":{"rendered":"PyMEs Mexicanas recibir\u00e1n incentivos para su internacionalizacion"},"content":{"rendered":"<p>En busca de lograr un mayor impacto en la <strong>promoci\u00f3n de la actividad exportadora<\/strong>; Eduardo Sojo, secretario de Econom\u00eda de M\u00e9xico, dio inicio al <strong>programa ProM\u00e9xico<\/strong> que destinar\u00e1 recursos p\u00fablicos a dicho segmento.<br \/>\n<img decoding=\"async\" src=\"http:\/\/www.exportapymes.com\/comercio-exterior-america-esp\/images\/ban\/mexico.jpg\" \/>   Dentro de los tres ejes centrales de la iniciativa p\u00fablico-privada, figuran enfatizar las pol\u00edticas generales de <strong>comercio exterior<\/strong> y de inversi\u00f3n extranjera directa; <strong>incentivar la actividad exportadora y la internacionalizaci\u00f3n de la Pyme<\/strong>; y entregar facilidades para la atracci\u00f3n de inversiones.<br \/>\n<!--more-->&#8220;Queremos que las<strong> Pyme<\/strong> no s\u00f3lo se <strong>internacionalicen<\/strong>, sino que adem\u00e1s sean <strong>exportadoras indirectas<\/strong>&#8220;, expres\u00f3 la autoridad. Adem\u00e1s recalc\u00f3 que ProM\u00e9xico es una estrategia para incrementar la participaci\u00f3n de dicha naci\u00f3n en los flujos del comercio mundial y en la atracci\u00f3n de la <strong>Inversi\u00f3n Extranjera Directa (IED)<\/strong>.<\/p>\n<p><strong><em>Pyme y turismo<\/em><\/strong><br \/>\nPara este sector, el gobierno de M\u00e9xico, en acuerdo con la Secretar\u00eda de Turismo (Sectur ), otorgar\u00e1 un fondo de garant\u00edas al segmento, para que a trav\u00e9s de instituciones bancarias e intermediarios especializados, se otorgue financiamiento a las empresas de menor tama\u00f1o.<\/p>\n<p>Asimismo, el secretario de econom\u00eda de M\u00e9xico, inform\u00f3 que se desarrollar\u00e1 un programa intensivo con la nacional financiera de compras de gobierno, adem\u00e1s de ampliar los sistemas de apertura r\u00e1pida de empresas que han dado buen resultado en 117 municipios, &#8220;pero queremos que funcionen en otros 104 con los cuales ya hemos firmado acuerdos&#8221;, agreg\u00f3. DiarioPyme<\/p>\n","protected":false},"excerpt":{"rendered":"<p>En busca de lograr un mayor impacto en la promoci\u00f3n de la actividad exportadora; Eduardo Sojo, secretario de Econom\u00eda de M\u00e9xico, dio inicio al programa ProM\u00e9xico que destinar\u00e1 recursos p\u00fablicos a dicho segmento. Dentro de los tres ejes centrales de<span class=\"ellipsis\">&hellip;<\/span><\/p>\n<div class=\"read-more\"><a href=\"https:\/\/www.exportapymes.com\/comercio-exterior-america-esp\/pymes-mexicanas-recibiran-incentivos-para-su-internacionalizacion\/\">Leer m&aacute;s &#8250;<\/a><\/div>\n<p><!-- end of .read-more --><\/p>\n","protected":false},"author":1,"featured_media":0,"comment_status":"open","ping_status":"open","sticky":false,"template":"","format":"standard","meta":{"footnotes":""},"categories":[24,25,13,29,49],"tags":[],"class_list":["post-1298","post","type-post","status-publish","format-standard","hentry","category-exportacion","category-internacionalizacion","category-mexico","category-mipymes","category-pymex"],"_links":{"self":[{"href":"https:\/\/www.exportapymes.com\/comercio-exterior-america-esp\/wp-json\/wp\/v2\/posts\/1298","targetHints":{"allow":["GET"]}}],"collection":[{"href":"https:\/\/www.exportapymes.com\/comercio-exterior-america-esp\/wp-json\/wp\/v2\/posts"}],"about":[{"href":"https:\/\/www.exportapymes.com\/comercio-exterior-america-esp\/wp-json\/wp\/v2\/types\/post"}],"author":[{"embeddable":true,"href":"https:\/\/www.exportapymes.com\/comercio-exterior-america-esp\/wp-json\/wp\/v2\/users\/1"}],"replies":[{"embeddable":true,"href":"https:\/\/www.exportapymes.com\/comercio-exterior-america-esp\/wp-json\/wp\/v2\/comments?post=1298"}],"version-history":[{"count":0,"href":"https:\/\/www.exportapymes.com\/comercio-exterior-america-esp\/wp-json\/wp\/v2\/posts\/1298\/revisions"}],"wp:attachment":[{"href":"https:\/\/www.exportapymes.com\/comercio-exterior-america-esp\/wp-json\/wp\/v2\/media?parent=1298"}],"wp:term":[{"taxonomy":"category","embeddable":true,"href":"https:\/\/www.exportapymes.com\/comercio-exterior-america-esp\/wp-json\/wp\/v2\/categories?post=1298"},{"taxonomy":"post_tag","embeddable":true,"href":"https:\/\/www.exportapymes.com\/comercio-exterior-america-esp\/wp-json\/wp\/v2\/tags?post=1298"}],"curies":[{"name":"wp","href":"https:\/\/api.w.org\/{rel}","templated":true}]}}