{"id":1301,"date":"2007-06-05T08:54:15","date_gmt":"2007-06-05T15:54:15","guid":{"rendered":"http:\/\/www.exportapymes.com\/comercio-exterior-america-esp\/experiencias-y-habilidades-para-exportar-por-internet\/"},"modified":"2007-06-21T14:29:39","modified_gmt":"2007-06-21T21:29:39","slug":"experiencias-y-habilidades-para-exportar-por-internet","status":"publish","type":"post","link":"https:\/\/www.exportapymes.com\/comercio-exterior-america-esp\/experiencias-y-habilidades-para-exportar-por-internet\/","title":{"rendered":"Experiencias y habilidades para exportar por internet"},"content":{"rendered":"<p>GIRONA, SANT FELIU DE GUIXOLS 18\/06\/07  <br \/>\nEn el <strong>seminario &#8220;Experiencias y habilidades para exportar por internet con menor coste<\/strong>&#8220;, se conocer\u00e1n las experiencias de otras<strong> empresas<\/strong> y aquellas f\u00f3rmulas que mejor les han <strong>permitido exportar<\/strong>. Bas\u00e1ndose en todo momento en las <strong>posibilidades de internet<\/strong>, descubriremos cual es la mejor forma de <strong>apoyar la exportaci\u00f3n<\/strong> con una inversi\u00f3n limitada.<br \/>\n<img loading=\"lazy\" decoding=\"async\" width=\"100\" src=\"http:\/\/www.exportapymes.com\/comercio-exterior-america-esp\/images\/ban\/spain.jpg\" height=\"66\" style=\"width: 100px; height: 66px\" \/><br \/>\n<!--more-->El programa se estructura en dos m\u00f3dulos, uno de mejora de nuestra imagen de marca para conseguir ventas y distribuidores, y un segundo m\u00f3dulo donde se muestra de una manera m\u00e1s integral las diversas acciones que debemos hacer para que nos conozcan.  <\/p>\n<p><strong>Experiencias y habilidades para exportar por internet con menor coste<br \/>\nPrograma<br \/>\n<\/strong> <br \/>\n10,00 Recepci\u00f3n de asistentes<\/p>\n<p>10,15 Apertura<br \/>\nD. Joan Puig i Valls, Presidente de la Cambra de Sant Feliu de Guixols<br \/>\nD. Antoni Montserrat, Director Territorial de Comercio \u2013 ICEX<\/p>\n<p>10,30 Revisi\u00f3n y promoci\u00f3n de la web<br \/>\nPosicionamiento en buscadores: Adwords, metatags, cruce de links, etc.<br \/>\nUsabilidad y flujo de navegaci\u00f3n.<br \/>\nHumanizaci\u00f3n de la web (reall call, humansite, etc)<\/p>\n<p>11,15 Precio y packaging<br \/>\nValor percibido y esperado. Cuesti\u00f3n de detalle<br \/>\nGesti\u00f3n virtual de la empresa desde m\u00faltiples oficinas<br \/>\nROI y BTO (retorno en inversi\u00f3n y subcontrataci\u00f3n). Palabras m\u00e1gicas para el empresario<\/p>\n<p>12,00 Pausa-caf\u00e9 <\/p>\n<p>12,15 El plan de marketing electr\u00f3nico<br \/>\nPublicidad online: banners, boletines, etc.<br \/>\nEstrategia de comunicaci\u00f3n integral GLO-CAL.<br \/>\nRevistas y boletines:<br \/>\nL\u00edderes de opini\u00f3n.<br \/>\nPromoci\u00f3n de producto.<\/p>\n<p>13,15 Sistemas para crear notoriedad<br \/>\nPatrocinios locales en el extranjero. Otros sistemas<\/p>\n<p>14,00 Coloquio y clausura <\/p>\n<p>Durante el seminario se desarrollar\u00e1 un caso pr\u00e1ctico on-line de las empresas que voluntariamente se ofrezcan.<\/p>\n<p>Ponente: V\u00edctor Navarro Navarro<br \/>\nPresidente y CEO<br \/>\nVictornavarro.com<\/p>\n<p><em>&#8211; Lugar de celebraci\u00f3n<\/em> <br \/>\nCambra de Comer\u00e7 de Sant Feliu de Guixols <br \/>\nPasseig del Mar, 40   <br \/>\nSANT FELIU DE GUIXOLS  17220  GIRONA  <br \/>\nAsistencia gratuita     <\/p>\n<p><em>&#8211; Informaci\u00f3n e Inscripciones:<\/em> <br \/>\nDirecci\u00f3n Territorial de Comercio &#8211; Icex en Catalu\u00f1a <br \/>\nV\u00eda Layetana, 197-199 <br \/>\nBARCELONA  08021  BARCELONA  <br \/>\nJuli Umbert <br \/>\nTlf: 93 202 71 00 <br \/>\nFax: 93 202 71 01 <br \/>\nCorreo electr\u00f3nico: <a href=\"mailto:barcelona@mcx.es\">barcelona@mcx.es<\/a> <br \/>\nInstituto Espa\u00f1ol de Comercio Exterior (ICEX)<\/p>\n","protected":false},"excerpt":{"rendered":"<p>GIRONA, SANT FELIU DE GUIXOLS 18\/06\/07 En el seminario &#8220;Experiencias y habilidades para exportar por internet con menor coste&#8220;, se conocer\u00e1n las experiencias de otras empresas y aquellas f\u00f3rmulas que mejor les han permitido exportar. Bas\u00e1ndose en todo momento en<span class=\"ellipsis\">&hellip;<\/span><\/p>\n<div class=\"read-more\"><a href=\"https:\/\/www.exportapymes.com\/comercio-exterior-america-esp\/experiencias-y-habilidades-para-exportar-por-internet\/\">Leer m&aacute;s &#8250;<\/a><\/div>\n<p><!-- end of .read-more --><\/p>\n","protected":false},"author":1,"featured_media":0,"comment_status":"open","ping_status":"open","sticky":false,"template":"","format":"standard","meta":{"footnotes":""},"categories":[28,30,22,24,35,32,37,38,25,55,27],"tags":[],"class_list":["post-1301","post","type-post","status-publish","format-standard","hentry","category-capacitacion","category-comercio-exterior","category-espana","category-exportacion","category-exportador","category-exportar","category-icex","category-instituto-espanol-de-comercio-exterior","category-internacionalizacion","category-marketing","category-pymes"],"_links":{"self":[{"href":"https:\/\/www.exportapymes.com\/comercio-exterior-america-esp\/wp-json\/wp\/v2\/posts\/1301","targetHints":{"allow":["GET"]}}],"collection":[{"href":"https:\/\/www.exportapymes.com\/comercio-exterior-america-esp\/wp-json\/wp\/v2\/posts"}],"about":[{"href":"https:\/\/www.exportapymes.com\/comercio-exterior-america-esp\/wp-json\/wp\/v2\/types\/post"}],"author":[{"embeddable":true,"href":"https:\/\/www.exportapymes.com\/comercio-exterior-america-esp\/wp-json\/wp\/v2\/users\/1"}],"replies":[{"embeddable":true,"href":"https:\/\/www.exportapymes.com\/comercio-exterior-america-esp\/wp-json\/wp\/v2\/comments?post=1301"}],"version-history":[{"count":0,"href":"https:\/\/www.exportapymes.com\/comercio-exterior-america-esp\/wp-json\/wp\/v2\/posts\/1301\/revisions"}],"wp:attachment":[{"href":"https:\/\/www.exportapymes.com\/comercio-exterior-america-esp\/wp-json\/wp\/v2\/media?parent=1301"}],"wp:term":[{"taxonomy":"category","embeddable":true,"href":"https:\/\/www.exportapymes.com\/comercio-exterior-america-esp\/wp-json\/wp\/v2\/categories?post=1301"},{"taxonomy":"post_tag","embeddable":true,"href":"https:\/\/www.exportapymes.com\/comercio-exterior-america-esp\/wp-json\/wp\/v2\/tags?post=1301"}],"curies":[{"name":"wp","href":"https:\/\/api.w.org\/{rel}","templated":true}]}}