{"id":1310,"date":"2007-06-12T17:55:42","date_gmt":"2007-06-13T00:55:42","guid":{"rendered":"http:\/\/www.exportapymes.com\/comercio-exterior-america-esp\/exporta-suscribe-convenio-con-el-cbi\/"},"modified":"2008-01-22T16:33:07","modified_gmt":"2008-01-22T23:33:07","slug":"exporta-suscribe-convenio-con-el-cbi","status":"publish","type":"post","link":"https:\/\/www.exportapymes.com\/comercio-exterior-america-esp\/exporta-suscribe-convenio-con-el-cbi\/","title":{"rendered":"Exporta suscribe convenio con el CBI"},"content":{"rendered":"<p>La <strong>Agencia de Promoci\u00f3n de Exportaciones (Exporta)<\/strong> y la<strong> Corporaci\u00f3n de Exportadores de El Salvador (Coexport)<\/strong> firmaron ayer un convenio de cooperaci\u00f3n con el <strong>Centro de Promoci\u00f3n para la Importaci\u00f3n Holandesa<\/strong> (<strong>CBI<\/strong>, por sus siglas en holand\u00e9s) para <strong>fortalecer al sector exportador<\/strong>.<br \/>\n<img loading=\"lazy\" decoding=\"async\" width=\"100\" src=\"http:\/\/www.exportapymes.com\/comercio-exterior-america-esp\/images\/exporta-agencia-promocion-exportaciones-el-salvador.jpg\" alt=\"Agencia de Promoci\u00f3n de Exportaciones de El Salvador\" height=\"68\" style=\"width: 100px; height: 68px\" title=\"Agencia de Promoci\u00f3n de Exportaciones de El Salvador\" \/>   El objetivo es intercambiar informaci\u00f3n y brindar capacitaci\u00f3n a los<strong> exportadores salvadore\u00f1os<\/strong> para prepararlos mientras se negocia el tratado de asociaci\u00f3n con la <strong>Uni\u00f3n Europea (UE)<\/strong>. \u201cEsto se hace con miras a<br \/>\n<!--more--> dar pasos previos a la firma del acuerdo para que no nos agarre por sorpresa y as\u00ed conocer los requerimientos de ese mercado\u201d, detall\u00f3 <strong>Aldo Vallejo<\/strong>, director de <strong>EXPORTA<\/strong>.<\/p>\n<p>El acuerdo brindar\u00e1 informaci\u00f3n sobre el mercado europeo, los mejores canales de distribuci\u00f3n, estrategias de mercadeo y la importancia de la responsabilidad social empresarial.<\/p>\n<p>Adicionalmente habr\u00e1 un componente de<strong> capacitaci\u00f3n<\/strong> para el intercambio de experiencias entre ambos pa\u00edses. \u201cDe Centroam\u00e9rica solo El Salvador y Honduras firmamos\u201d, resalt\u00f3 Vallejo. El pr\u00f3ximo 15 de junio una delegaci\u00f3n holandesa visitar\u00e1 el pa\u00eds para iniciar el plan de trabajo. La Prensa Gr\u00e1fica<\/p>\n","protected":false},"excerpt":{"rendered":"<p>La Agencia de Promoci\u00f3n de Exportaciones (Exporta) y la Corporaci\u00f3n de Exportadores de El Salvador (Coexport) firmaron ayer un convenio de cooperaci\u00f3n con el Centro de Promoci\u00f3n para la Importaci\u00f3n Holandesa (CBI, por sus siglas en holand\u00e9s) para fortalecer al<span class=\"ellipsis\">&hellip;<\/span><\/p>\n<div class=\"read-more\"><a href=\"https:\/\/www.exportapymes.com\/comercio-exterior-america-esp\/exporta-suscribe-convenio-con-el-cbi\/\">Leer m&aacute;s &#8250;<\/a><\/div>\n<p><!-- end of .read-more --><\/p>\n","protected":false},"author":1,"featured_media":0,"comment_status":"open","ping_status":"open","sticky":false,"template":"","format":"standard","meta":{"footnotes":""},"categories":[28,30,9,41,24,35,32,25,29,27],"tags":[],"class_list":["post-1310","post","type-post","status-publish","format-standard","hentry","category-capacitacion","category-comercio-exterior","category-el-salvador","category-exporta-promocion-de-eportaciones-de-el-salvador","category-exportacion","category-exportador","category-exportar","category-internacionalizacion","category-mipymes","category-pymes"],"_links":{"self":[{"href":"https:\/\/www.exportapymes.com\/comercio-exterior-america-esp\/wp-json\/wp\/v2\/posts\/1310","targetHints":{"allow":["GET"]}}],"collection":[{"href":"https:\/\/www.exportapymes.com\/comercio-exterior-america-esp\/wp-json\/wp\/v2\/posts"}],"about":[{"href":"https:\/\/www.exportapymes.com\/comercio-exterior-america-esp\/wp-json\/wp\/v2\/types\/post"}],"author":[{"embeddable":true,"href":"https:\/\/www.exportapymes.com\/comercio-exterior-america-esp\/wp-json\/wp\/v2\/users\/1"}],"replies":[{"embeddable":true,"href":"https:\/\/www.exportapymes.com\/comercio-exterior-america-esp\/wp-json\/wp\/v2\/comments?post=1310"}],"version-history":[{"count":0,"href":"https:\/\/www.exportapymes.com\/comercio-exterior-america-esp\/wp-json\/wp\/v2\/posts\/1310\/revisions"}],"wp:attachment":[{"href":"https:\/\/www.exportapymes.com\/comercio-exterior-america-esp\/wp-json\/wp\/v2\/media?parent=1310"}],"wp:term":[{"taxonomy":"category","embeddable":true,"href":"https:\/\/www.exportapymes.com\/comercio-exterior-america-esp\/wp-json\/wp\/v2\/categories?post=1310"},{"taxonomy":"post_tag","embeddable":true,"href":"https:\/\/www.exportapymes.com\/comercio-exterior-america-esp\/wp-json\/wp\/v2\/tags?post=1310"}],"curies":[{"name":"wp","href":"https:\/\/api.w.org\/{rel}","templated":true}]}}