{"id":132,"date":"2006-03-14T16:22:07","date_gmt":"2006-03-14T23:22:07","guid":{"rendered":"http:\/\/www.exportapymes.com\/comercio-exterior-america-esp\/las-pymes-espanolas-preven-cerrar-contratos-por-mas-de-57-millones-en-la-feria-tecnologica-cebit\/"},"modified":"2006-03-14T16:22:07","modified_gmt":"2006-03-14T23:22:07","slug":"las-pymes-espanolas-preven-cerrar-contratos-por-mas-de-57-millones-en-la-feria-tecnologica-cebit","status":"publish","type":"post","link":"https:\/\/www.exportapymes.com\/comercio-exterior-america-esp\/las-pymes-espanolas-preven-cerrar-contratos-por-mas-de-57-millones-en-la-feria-tecnologica-cebit\/","title":{"rendered":"Las pymes espa\u00f1olas prev\u00e9n cerrar contratos por m\u00e1s de 5,7 millones en la feria tecnol\u00f3gica CeBit"},"content":{"rendered":"<p>La feria europea de telecomunicaciones, inform\u00e1tica y electr\u00f3nica, CeBit, que estar\u00e1 abierta hasta el pr\u00f3ximo d\u00eda 15 en la ciudad alemana de Hannover, acoge a 25 empresas espa\u00f1olas, en su mayor\u00eda pymes, que cerrar\u00e1n contratos por valor de m\u00e1s de 5,75 millones de euros, seg\u00fan las previsiones de la Asociaci\u00f3n de Empresas de Electr\u00f3nica, Tecnolog\u00edas de la Informaci\u00f3n y Telecomunicaciones de Espa\u00f1a<br \/>\n<img decoding=\"async\" src=\"http:\/\/www.exportapymes.com\/comercio-exterior-america-esp\/images\/ban\/spain.jpg\" \/>   <!--more-->La responsable del Departamento de Comercio Exterior de AETIC, Virginia Jim\u00e9nez, explic\u00f3 a Europa Press que las expectativas de firma de nuevos contratos por parte de las empresas espa\u00f1olas presentes en CeBit son &#8220;muy positivas&#8221;, por lo que se espera que se supere en m\u00e1s de un 15% el valor total de los m\u00e1s de 2.800 contratos cerrados en la edici\u00f3n de 2005, de 5 millones de euros.<\/p>\n<p>A juicio de Jim\u00e9nez, CeBit puede suponer &#8220;un fuerte impulso&#8221; para el sector de las tecnolog\u00edas de la informaci\u00f3n espa\u00f1ol, que &#8220;est\u00e1 realizando un importante esfuerzo para mantenerse a la vanguardia tecnol\u00f3gica&#8221;.<\/p>\n<p>El 43% de las firmas espa\u00f1olas presentes en CeBit acude por vez primera a este encuentro, con el fin de que sirva &#8220;de escaparate&#8221; para dar a conocer sus productos y su innovaci\u00f3n en el <strong>mercado internacional<\/strong> de las <strong>tecnolog\u00edas de la informaci\u00f3n<\/strong>.<\/p>\n<p>Las empresas espa\u00f1olas, distribuidas por diez pabellones diferentes, est\u00e1n reunidas bajo el sello &#8216;From Spain&#8217;, creado para promocionar la calidad, las capacidades y la competitividad de los productos tecnol\u00f3gicos innovadores espa\u00f1oles en mercados no tradicionales para las corporaciones nacionales. La participaci\u00f3n de estas empresas en Cebit ha sido posible gracias a la coordinaci\u00f3n de AETIC y del <strong>Instituto Espa\u00f1ol de Comercio Exterior (ICEX)<\/strong>. Europa Press<\/p>\n","protected":false},"excerpt":{"rendered":"<p>La feria europea de telecomunicaciones, inform\u00e1tica y electr\u00f3nica, CeBit, que estar\u00e1 abierta hasta el pr\u00f3ximo d\u00eda 15 en la ciudad alemana de Hannover, acoge a 25 empresas espa\u00f1olas, en su mayor\u00eda pymes, que cerrar\u00e1n contratos por valor de m\u00e1s de<span class=\"ellipsis\">&hellip;<\/span><\/p>\n<div class=\"read-more\"><a href=\"https:\/\/www.exportapymes.com\/comercio-exterior-america-esp\/las-pymes-espanolas-preven-cerrar-contratos-por-mas-de-57-millones-en-la-feria-tecnologica-cebit\/\">Leer m&aacute;s &#8250;<\/a><\/div>\n<p><!-- end of .read-more --><\/p>\n","protected":false},"author":1,"featured_media":0,"comment_status":"open","ping_status":"open","sticky":false,"template":"","format":"standard","meta":{"footnotes":""},"categories":[22],"tags":[],"class_list":["post-132","post","type-post","status-publish","format-standard","hentry","category-espana"],"_links":{"self":[{"href":"https:\/\/www.exportapymes.com\/comercio-exterior-america-esp\/wp-json\/wp\/v2\/posts\/132","targetHints":{"allow":["GET"]}}],"collection":[{"href":"https:\/\/www.exportapymes.com\/comercio-exterior-america-esp\/wp-json\/wp\/v2\/posts"}],"about":[{"href":"https:\/\/www.exportapymes.com\/comercio-exterior-america-esp\/wp-json\/wp\/v2\/types\/post"}],"author":[{"embeddable":true,"href":"https:\/\/www.exportapymes.com\/comercio-exterior-america-esp\/wp-json\/wp\/v2\/users\/1"}],"replies":[{"embeddable":true,"href":"https:\/\/www.exportapymes.com\/comercio-exterior-america-esp\/wp-json\/wp\/v2\/comments?post=132"}],"version-history":[{"count":0,"href":"https:\/\/www.exportapymes.com\/comercio-exterior-america-esp\/wp-json\/wp\/v2\/posts\/132\/revisions"}],"wp:attachment":[{"href":"https:\/\/www.exportapymes.com\/comercio-exterior-america-esp\/wp-json\/wp\/v2\/media?parent=132"}],"wp:term":[{"taxonomy":"category","embeddable":true,"href":"https:\/\/www.exportapymes.com\/comercio-exterior-america-esp\/wp-json\/wp\/v2\/categories?post=132"},{"taxonomy":"post_tag","embeddable":true,"href":"https:\/\/www.exportapymes.com\/comercio-exterior-america-esp\/wp-json\/wp\/v2\/tags?post=132"}],"curies":[{"name":"wp","href":"https:\/\/api.w.org\/{rel}","templated":true}]}}