{"id":1344,"date":"2007-07-03T13:57:42","date_gmt":"2007-07-03T20:57:42","guid":{"rendered":"http:\/\/www.exportapymes.com\/comercio-exterior-america-esp\/capacitacion-para-microempresarios-en-taller-aprendo-a-exportar-con-identidad-boliviana\/"},"modified":"2007-07-03T14:00:27","modified_gmt":"2007-07-03T21:00:27","slug":"capacitacion-para-microempresarios-en-taller-aprendo-a-exportar-con-identidad-boliviana","status":"publish","type":"post","link":"https:\/\/www.exportapymes.com\/comercio-exterior-america-esp\/capacitacion-para-microempresarios-en-taller-aprendo-a-exportar-con-identidad-boliviana\/","title":{"rendered":"Capacitaci\u00f3n para microempresarios en taller &#8220;Aprendo a exportar con identidad boliviana&#8221;"},"content":{"rendered":"<p>Los <strong>microempresarios se capacitar\u00e1n en el seminario taller &#8220;Aprendo a exportar con identidad boliviana&#8221; <\/strong>para desarrollar sus competencias y destrezas dentro del <strong>comercio internacional<\/strong> y de esta manera <strong>exportar sus productos<\/strong>.<br \/>\n<img decoding=\"async\" src=\"http:\/\/www.exportapymes.com\/comercio-exterior-america-esp\/images\/ban\/bolivia.jpg\" \/>   El primer vicepresidente de la C\u00e1mara Nacional de Comercio, \u00d3scar Medina, sostuvo que el <strong>sector de la micro y peque\u00f1a empresa<\/strong> desempe\u00f1a un papel fundamental en los \u00e1mbitos econ\u00f3mico y social de Bolivia, ya que m\u00e1s <!--more-->del 95 por ciento del total de empresas constituyen micro y peque\u00f1as unidades productivas que procuran empleo a casi el 85 por ciento de la poblaci\u00f3n econ\u00f3micamente activa, pero solamente participan con el 25 por ciento en la generaci\u00f3n del Producto Interno Bruto.<\/p>\n<p>Agreg\u00f3 tambi\u00e9n que es de suma importancia atender las necesidades de ese sector en cuanto a productividad y competitividad se refieren, las acciones deben estar orientadas a ejecutar el potencial productivo de la<strong> micro y peque\u00f1a empresa<\/strong> reduciendo sus dificultades y reforzando sus capacidades.<\/p>\n<p>Al indicar que se identific\u00f3 diferentes aspectos restrictivos para las<strong> exportaciones de productos<\/strong> como dificultades para determinar las caracter\u00edsticas f\u00edsicas y especificaciones t\u00e9cnicas de los mercados internacionales; falta de conocimiento de precios internacionales; inexperiencia para en el uso de terminolog\u00eda de comercio internacional; desconocimiento de formas y procedimientos de despacho aduanero; carencia de habilidades y destrezas para realizar contratos de transporte, dijo que el Seminario &#8211; Taller constituye la primera acci\u00f3n, de muchas otras, que se han planificado como mecanismo de ejecuci\u00f3n de la Alianza Estrat\u00e9gica.<\/p>\n<p>&#8220;El proceso de capacitaci\u00f3n est\u00e1 basado en un modelo por competencias y a su conclusi\u00f3n se espera contar con resultados identificables y medibles que se traduzcan en beneficios claros y concretos para este sector&#8221;, dijo Medina.<\/p>\n<p>Entre tanto, el viceministro de<strong> Comercio y Exportaciones<\/strong>, Pablo Rabczuk, se\u00f1al\u00f3 que la alianza tiene como objetivo llevar a cabo un trabajo interinstitucional, sobre informaci\u00f3n estad\u00edstica, legal, t\u00e9cnica y toda aquella ligada con el sector productivo, comercial nacional e internacional, como tambi\u00e9n elaborar estudios e investigaciones para intercambiar a objeto que sean instrumentos de an\u00e1lisis y propuestas t\u00e9cnicas.<\/p>\n<p>Seg\u00fan informaci\u00f3n del<strong> Ministerio de Producci\u00f3n y Microempresa<\/strong>, para el logro de este objetivo, se ha dise\u00f1ado una matriz de actividades enfocadas principalmente en las necesidades concretas que demanda el sector de la<strong> micro y peque\u00f1a empresa<\/strong>.<\/p>\n<p>Con una orientaci\u00f3n especialmente pr\u00e1ctica, los beneficiarios del<strong> Seminario &#8211; Taller &#8220;Aprendo a Exportar con Identidad Boliviana&#8221;<\/strong> podr\u00e1n acceder a una serie de conocimientos y experiencias que los introducir\u00e1n en la generaci\u00f3n de competencias, habilidades y destrezas para que se puedan desempe\u00f1ar con experiencia en el <strong>campo de la exportaci\u00f3n<\/strong>.<\/p>\n<p>El <strong>Seminario &#8211; Taller<\/strong> es parte del proyecto &#8220;<strong>Aprendo a exportar con Identidad Boliviana<\/strong>&#8220;, el mismo que tiene tres pilares fundamentales, el primero de inducci\u00f3n, el segundo de capacitaci\u00f3n y el tercero de seguimiento.<\/p>\n<p>El evento se realizar\u00e1 el martes 3 de julio en el auditorio de la C\u00e1mara Nacional de comercio y contar\u00e1 con la presencia de peque\u00f1os productores de todo el pa\u00eds. ABI<\/p>\n","protected":false},"excerpt":{"rendered":"<p>Los microempresarios se capacitar\u00e1n en el seminario taller &#8220;Aprendo a exportar con identidad boliviana&#8221; para desarrollar sus competencias y destrezas dentro del comercio internacional y de esta manera exportar sus productos. El primer vicepresidente de la C\u00e1mara Nacional de Comercio,<span class=\"ellipsis\">&hellip;<\/span><\/p>\n<div class=\"read-more\"><a href=\"https:\/\/www.exportapymes.com\/comercio-exterior-america-esp\/capacitacion-para-microempresarios-en-taller-aprendo-a-exportar-con-identidad-boliviana\/\">Leer m&aacute;s &#8250;<\/a><\/div>\n<p><!-- end of .read-more --><\/p>\n","protected":false},"author":1,"featured_media":0,"comment_status":"open","ping_status":"open","sticky":false,"template":"","format":"standard","meta":{"footnotes":""},"categories":[2,28,30,35,32,29,34,33],"tags":[],"class_list":["post-1344","post","type-post","status-publish","format-standard","hentry","category-bolivia","category-capacitacion","category-comercio-exterior","category-exportador","category-exportar","category-mipymes","category-vender","category-venta"],"_links":{"self":[{"href":"https:\/\/www.exportapymes.com\/comercio-exterior-america-esp\/wp-json\/wp\/v2\/posts\/1344","targetHints":{"allow":["GET"]}}],"collection":[{"href":"https:\/\/www.exportapymes.com\/comercio-exterior-america-esp\/wp-json\/wp\/v2\/posts"}],"about":[{"href":"https:\/\/www.exportapymes.com\/comercio-exterior-america-esp\/wp-json\/wp\/v2\/types\/post"}],"author":[{"embeddable":true,"href":"https:\/\/www.exportapymes.com\/comercio-exterior-america-esp\/wp-json\/wp\/v2\/users\/1"}],"replies":[{"embeddable":true,"href":"https:\/\/www.exportapymes.com\/comercio-exterior-america-esp\/wp-json\/wp\/v2\/comments?post=1344"}],"version-history":[{"count":0,"href":"https:\/\/www.exportapymes.com\/comercio-exterior-america-esp\/wp-json\/wp\/v2\/posts\/1344\/revisions"}],"wp:attachment":[{"href":"https:\/\/www.exportapymes.com\/comercio-exterior-america-esp\/wp-json\/wp\/v2\/media?parent=1344"}],"wp:term":[{"taxonomy":"category","embeddable":true,"href":"https:\/\/www.exportapymes.com\/comercio-exterior-america-esp\/wp-json\/wp\/v2\/categories?post=1344"},{"taxonomy":"post_tag","embeddable":true,"href":"https:\/\/www.exportapymes.com\/comercio-exterior-america-esp\/wp-json\/wp\/v2\/tags?post=1344"}],"curies":[{"name":"wp","href":"https:\/\/api.w.org\/{rel}","templated":true}]}}