{"id":1349,"date":"2007-07-03T17:53:38","date_gmt":"2007-07-04T00:53:38","guid":{"rendered":"http:\/\/www.exportapymes.com\/comercio-exterior-america-esp\/proexca-entrega-los-premios-a-la-internacionalizacion\/"},"modified":"2007-07-03T17:53:38","modified_gmt":"2007-07-04T00:53:38","slug":"proexca-entrega-los-premios-a-la-internacionalizacion","status":"publish","type":"post","link":"https:\/\/www.exportapymes.com\/comercio-exterior-america-esp\/proexca-entrega-los-premios-a-la-internacionalizacion\/","title":{"rendered":"Proexca entrega los premios a la Internacionalizaci\u00f3n"},"content":{"rendered":"<p>La <strong>Sociedad Canaria de Fomento Econ\u00f3mico (Proexca)<\/strong> entregar\u00e1 este martes sus <strong>premios a la Internacionalizaci\u00f3n 2006<\/strong>. Este organismo incentiva as\u00ed la difusi\u00f3n de trabajos con contenidos relativos a la <strong>internacionalizaci\u00f3n de Canarias <\/strong>y estimula y reconoce la trayectoria y el esfuerzo que realizan empresas, personas o entidades con una continuada y relevante labor en ese \u00e1mbito, dentro de la Comunidad Aut\u00f3noma de Canarias.<br \/>\n<img loading=\"lazy\" decoding=\"async\" width=\"100\" src=\"http:\/\/www.exportapymes.com\/comercio-exterior-america-esp\/images\/ban\/spain.jpg\" height=\"66\" style=\"width: 100px; height: 66px\" \/><br \/>\n<!--more-->El premio correspondiente a la modalidad de &#8220;Investigaci\u00f3n&#8221;, ha reca\u00eddo en el trabajo presentado por Jes\u00fas Arteaga Ort\u00edz, profesor del Departamento de Econom\u00eda y Direcci\u00f3n de Empresas de la Facultad de Ciencias Econ\u00f3micas y Empresariales de la Universidad de Las Palmas de Gran Canaria, dotado con 5.000 euros.<\/p>\n<p>Adem\u00e1s, el galard\u00f3n a la &#8220;Mejor Labor Informativa y Divulgativa&#8221;, con una dotaci\u00f3n de 3.000 euros, ha sido para el periodista Pedro Machado Von Poroszlay, perteneciente a la secci\u00f3n de Econom\u00eda y Trabajo del peri\u00f3dico Diario de Avisos, por sus art\u00edculos relativos a la <strong>internacionalizaci\u00f3n de las empresas Canarias<\/strong>.<\/p>\n<p>Por \u00faltimo, el premio a la &#8220;Empresa Revelaci\u00f3n&#8221; en el marco de la internacionalizaci\u00f3n, dotado con una estatuilla dise\u00f1ada al efecto y que podr\u00e1 utilizar en su p\u00e1gina Web, se le ha concedido a la empresa constructora herre\u00f1a y tinerfe\u00f1a Fronpeca S.L. por su brillante trayectoria como empresa basada en el compromiso de sostenibilidad, seg\u00fan ha se\u00f1alado Proexca. ABC<\/p>\n","protected":false},"excerpt":{"rendered":"<p>La Sociedad Canaria de Fomento Econ\u00f3mico (Proexca) entregar\u00e1 este martes sus premios a la Internacionalizaci\u00f3n 2006. Este organismo incentiva as\u00ed la difusi\u00f3n de trabajos con contenidos relativos a la internacionalizaci\u00f3n de Canarias y estimula y reconoce la trayectoria y el<span class=\"ellipsis\">&hellip;<\/span><\/p>\n<div class=\"read-more\"><a href=\"https:\/\/www.exportapymes.com\/comercio-exterior-america-esp\/proexca-entrega-los-premios-a-la-internacionalizacion\/\">Leer m&aacute;s &#8250;<\/a><\/div>\n<p><!-- end of .read-more --><\/p>\n","protected":false},"author":1,"featured_media":0,"comment_status":"open","ping_status":"open","sticky":false,"template":"","format":"standard","meta":{"footnotes":""},"categories":[22,25],"tags":[],"class_list":["post-1349","post","type-post","status-publish","format-standard","hentry","category-espana","category-internacionalizacion"],"_links":{"self":[{"href":"https:\/\/www.exportapymes.com\/comercio-exterior-america-esp\/wp-json\/wp\/v2\/posts\/1349","targetHints":{"allow":["GET"]}}],"collection":[{"href":"https:\/\/www.exportapymes.com\/comercio-exterior-america-esp\/wp-json\/wp\/v2\/posts"}],"about":[{"href":"https:\/\/www.exportapymes.com\/comercio-exterior-america-esp\/wp-json\/wp\/v2\/types\/post"}],"author":[{"embeddable":true,"href":"https:\/\/www.exportapymes.com\/comercio-exterior-america-esp\/wp-json\/wp\/v2\/users\/1"}],"replies":[{"embeddable":true,"href":"https:\/\/www.exportapymes.com\/comercio-exterior-america-esp\/wp-json\/wp\/v2\/comments?post=1349"}],"version-history":[{"count":0,"href":"https:\/\/www.exportapymes.com\/comercio-exterior-america-esp\/wp-json\/wp\/v2\/posts\/1349\/revisions"}],"wp:attachment":[{"href":"https:\/\/www.exportapymes.com\/comercio-exterior-america-esp\/wp-json\/wp\/v2\/media?parent=1349"}],"wp:term":[{"taxonomy":"category","embeddable":true,"href":"https:\/\/www.exportapymes.com\/comercio-exterior-america-esp\/wp-json\/wp\/v2\/categories?post=1349"},{"taxonomy":"post_tag","embeddable":true,"href":"https:\/\/www.exportapymes.com\/comercio-exterior-america-esp\/wp-json\/wp\/v2\/tags?post=1349"}],"curies":[{"name":"wp","href":"https:\/\/api.w.org\/{rel}","templated":true}]}}