{"id":135,"date":"2006-03-14T16:52:14","date_gmt":"2006-03-14T23:52:14","guid":{"rendered":"http:\/\/www.exportapymes.com\/comercio-exterior-america-esp\/programa-de-formacion-exportadora-de-proexport\/"},"modified":"2006-03-14T16:52:14","modified_gmt":"2006-03-14T23:52:14","slug":"programa-de-formacion-exportadora-de-proexport","status":"publish","type":"post","link":"https:\/\/www.exportapymes.com\/comercio-exterior-america-esp\/programa-de-formacion-exportadora-de-proexport\/","title":{"rendered":"Programa de Formaci\u00f3n Exportadora de Proexport"},"content":{"rendered":"<p><strong>El Programa de Formaci\u00f3n Exportadora de<\/strong><strong> Proexport Colombia<\/strong>, est\u00e1 dirigido a complementar sus conocimientos t\u00e9cnicos en <strong>exportaciones<\/strong> y a darle herramientas gerenciales, con un enfoque pr\u00e1ctico y empresarial, que le permitan mejorar su posici\u00f3n competitiva internacional.<br \/>\n<strong><img decoding=\"async\" src=\"http:\/\/www.exportapymes.com\/comercio-exterior-america-esp\/images\/ban\/colombia.jpg\" \/>   Proexport Colombia<\/strong> a trav\u00e9s de su <strong>Centro de Informaci\u00f3n y Asesor\u00eda de Comercio Exterior<\/strong> \u2013 Zeiky, ha <!--more-->dise\u00f1ado un completo y pr\u00e1ctico <strong>Programa de Formaci\u00f3n Exportadora<\/strong> en termas claves en el mundo del <strong>comercio internacional<\/strong> y al alcance de todo los empresarios colombianos.<\/p>\n<p>ZEIKY realiz\u00f3 el <strong>PROGRAMA DE FORMACION EXPORTADORA<\/strong> en 21 ciudades del pa\u00eds, capacitando as\u00ed a 1.629 personas en temas tan esenciales como: Liderazgo y esp\u00edritu exportador, log\u00edstica internacional, DFI, instrumentos de promoci\u00f3n a las exportaciones, herramientas para hacer investigaci\u00f3n de mercados, condiciones de acceso a mercados internacionales, mercadeo internacional, medios de pago y apoyo financiero a las exportaciones, tr\u00e1mites y <strong>documentos de exportaci\u00f3n e importaci\u00f3n<\/strong>.<\/p>\n<p>Como respuesta a las creciente necesidad de nuestro empresarios de obtener mayor informaci\u00f3n de aplicaci\u00f3n inmediata a sus negocios de exportaci\u00f3n, para el 2006 se complementar\u00e1 nuestro habitual programa de capacitaci\u00f3n con temas como: Aplicaci\u00f3n del R\u00e9gimen cambiario Colombiano en los negocios internacionales, Ventas consultivas, Herramienta para el manejo de relaciones comerciales con sus clientes, as\u00ed como un seminario especializado en la exportaci\u00f3n de servicios.<\/p>\n<p>Horario de cada seminario: 07:30 a.m. a 06:00 p.m.<br \/>\nLugar: Hotel Dann Carlton Av. 15 No. 103-60<br \/>\nValor de la inversi\u00f3n por m\u00f3dulo: $ 80.000 (incluye refrigerios, entrega de certificados de asistencia para quienes realicen m\u00ednimo 5 seminarios del ciclo y entrega de base de datos de asistentes)<\/p>\n<p>Mayores informes:<br \/>\n<strong>L\u00ednea de Comercio Exterior<\/strong> (571)5242015 &#8211; 01 900 3310021<br \/>\nE-mail <a href=\"mailto:seminarios@proexport.com.co\">seminarios@proexport.com.co<\/a><\/p>\n","protected":false},"excerpt":{"rendered":"<p>El Programa de Formaci\u00f3n Exportadora de Proexport Colombia, est\u00e1 dirigido a complementar sus conocimientos t\u00e9cnicos en exportaciones y a darle herramientas gerenciales, con un enfoque pr\u00e1ctico y empresarial, que le permitan mejorar su posici\u00f3n competitiva internacional. Proexport Colombia a trav\u00e9s<span class=\"ellipsis\">&hellip;<\/span><\/p>\n<div class=\"read-more\"><a href=\"https:\/\/www.exportapymes.com\/comercio-exterior-america-esp\/programa-de-formacion-exportadora-de-proexport\/\">Leer m&aacute;s &#8250;<\/a><\/div>\n<p><!-- end of .read-more --><\/p>\n","protected":false},"author":1,"featured_media":0,"comment_status":"open","ping_status":"open","sticky":false,"template":"","format":"standard","meta":{"footnotes":""},"categories":[5],"tags":[],"class_list":["post-135","post","type-post","status-publish","format-standard","hentry","category-colombia"],"_links":{"self":[{"href":"https:\/\/www.exportapymes.com\/comercio-exterior-america-esp\/wp-json\/wp\/v2\/posts\/135","targetHints":{"allow":["GET"]}}],"collection":[{"href":"https:\/\/www.exportapymes.com\/comercio-exterior-america-esp\/wp-json\/wp\/v2\/posts"}],"about":[{"href":"https:\/\/www.exportapymes.com\/comercio-exterior-america-esp\/wp-json\/wp\/v2\/types\/post"}],"author":[{"embeddable":true,"href":"https:\/\/www.exportapymes.com\/comercio-exterior-america-esp\/wp-json\/wp\/v2\/users\/1"}],"replies":[{"embeddable":true,"href":"https:\/\/www.exportapymes.com\/comercio-exterior-america-esp\/wp-json\/wp\/v2\/comments?post=135"}],"version-history":[{"count":0,"href":"https:\/\/www.exportapymes.com\/comercio-exterior-america-esp\/wp-json\/wp\/v2\/posts\/135\/revisions"}],"wp:attachment":[{"href":"https:\/\/www.exportapymes.com\/comercio-exterior-america-esp\/wp-json\/wp\/v2\/media?parent=135"}],"wp:term":[{"taxonomy":"category","embeddable":true,"href":"https:\/\/www.exportapymes.com\/comercio-exterior-america-esp\/wp-json\/wp\/v2\/categories?post=135"},{"taxonomy":"post_tag","embeddable":true,"href":"https:\/\/www.exportapymes.com\/comercio-exterior-america-esp\/wp-json\/wp\/v2\/tags?post=135"}],"curies":[{"name":"wp","href":"https:\/\/api.w.org\/{rel}","templated":true}]}}