{"id":1352,"date":"2007-07-03T21:12:05","date_gmt":"2007-07-04T04:12:05","guid":{"rendered":"http:\/\/www.exportapymes.com\/comercio-exterior-america-esp\/seminario-desafios-y-recomendaciones-para-los-exportadores-colombianos\/"},"modified":"2007-07-03T21:12:05","modified_gmt":"2007-07-04T04:12:05","slug":"seminario-desafios-y-recomendaciones-para-los-exportadores-colombianos","status":"publish","type":"post","link":"https:\/\/www.exportapymes.com\/comercio-exterior-america-esp\/seminario-desafios-y-recomendaciones-para-los-exportadores-colombianos\/","title":{"rendered":"Seminario: Desafios y Recomendaciones para los Exportadores Colombianos"},"content":{"rendered":"<p><em>Bogot\u00e1 5 de julio &#8211; Hotel Bogot\u00e1 Plaza<\/em><br \/>\nEn el <strong>Seminario: Desafios y Recomendaciones para los Exportadores Colombianos<\/strong>, se presentar\u00e1n las perspectivas de las principales variables econ\u00f3micas como inflaci\u00f3n, tasas de interes y tasas de cambio, y como estas pueden afectar la <strong>actividad exportadora<\/strong>. Ademas se compartir\u00e1 con los asistentes experiencias sobre mecanismos efectivos para <strong>aumentar la competitividad de las exportaciones<\/strong>, en este escenario complejo de revaluaci\u00f3n, mediante el <strong>aprovechamiento de la gesti\u00f3n log\u00edstica internacional<\/strong>.<br \/>\n<img loading=\"lazy\" decoding=\"async\" width=\"175\" src=\"http:\/\/www.exportapymes.com\/comercio-exterior-america-esp\/images\/otras\/proexport.gif\" alt=\"Proexport\" height=\"60\" style=\"width: 175px; height: 60px\" title=\"Proexport\" \/><br \/>\n<!--more--><\/p>\n<p>2.00 &#8211; 2.30 pm<br \/>\nAcreditaciones<\/p>\n<p>2.30 &#8211; 3.00<br \/>\nInstalaci\u00f3n.<br \/>\nDirector Regional de Proexport<\/p>\n<p>3.00 &#8211; 3.30<br \/>\nDesafios para el desarrollo exportador en Colombia<br \/>\nJavier Diaz Molina &#8211; Presidente Analdex<\/p>\n<p>3.30 &#8211; 4.00<br \/>\nPerspectivas de la Economia Colombiana en el Entorno Internacional<br \/>\nConferencista &#8211; Banco BBVA Colombia<\/p>\n<p>4.00 &#8211; 4.30<br \/>\nCaf\u00e9<\/p>\n<p>4.30 &#8211; 5.00<br \/>\nComo Aumentar la competitividad de las exportaciones ante un panorama complejo en materia cambiaria. Desarrollos en log\u00edstica de las operaciones de comercio exterior.<br \/>\nConferencista DHL Express<\/p>\n<p>5.00 &#8211; 6.00<br \/>\nPresentaci\u00f3n Premio Nacional de Exportaciones Analdex &#8211; Proexport Colombia<br \/>\nSantiago Pardo &#8211; Vicepresidente Analdex<\/p>\n<p>Inscripci\u00f3n sin cargo.<\/p>\n<p><em>Mayores Informes:<\/em><br \/>\nAnaldex<br \/>\n<a href=\"mailto:premioexportador@analdex.org\">premioexportador@analdex.org<\/a><br \/>\nTel. 1 &#8211; 3420788 Ext. 28<br \/>\nBogot\u00e1 D.C.<\/p>\n","protected":false},"excerpt":{"rendered":"<p>Bogot\u00e1 5 de julio &#8211; Hotel Bogot\u00e1 Plaza En el Seminario: Desafios y Recomendaciones para los Exportadores Colombianos, se presentar\u00e1n las perspectivas de las principales variables econ\u00f3micas como inflaci\u00f3n, tasas de interes y tasas de cambio, y como estas pueden<span class=\"ellipsis\">&hellip;<\/span><\/p>\n<div class=\"read-more\"><a href=\"https:\/\/www.exportapymes.com\/comercio-exterior-america-esp\/seminario-desafios-y-recomendaciones-para-los-exportadores-colombianos\/\">Leer m&aacute;s &#8250;<\/a><\/div>\n<p><!-- end of .read-more --><\/p>\n","protected":false},"author":1,"featured_media":0,"comment_status":"open","ping_status":"open","sticky":false,"template":"","format":"standard","meta":{"footnotes":""},"categories":[28,5,30,24,35,32,48,27],"tags":[],"class_list":["post-1352","post","type-post","status-publish","format-standard","hentry","category-capacitacion","category-colombia","category-comercio-exterior","category-exportacion","category-exportador","category-exportar","category-proexport","category-pymes"],"_links":{"self":[{"href":"https:\/\/www.exportapymes.com\/comercio-exterior-america-esp\/wp-json\/wp\/v2\/posts\/1352","targetHints":{"allow":["GET"]}}],"collection":[{"href":"https:\/\/www.exportapymes.com\/comercio-exterior-america-esp\/wp-json\/wp\/v2\/posts"}],"about":[{"href":"https:\/\/www.exportapymes.com\/comercio-exterior-america-esp\/wp-json\/wp\/v2\/types\/post"}],"author":[{"embeddable":true,"href":"https:\/\/www.exportapymes.com\/comercio-exterior-america-esp\/wp-json\/wp\/v2\/users\/1"}],"replies":[{"embeddable":true,"href":"https:\/\/www.exportapymes.com\/comercio-exterior-america-esp\/wp-json\/wp\/v2\/comments?post=1352"}],"version-history":[{"count":0,"href":"https:\/\/www.exportapymes.com\/comercio-exterior-america-esp\/wp-json\/wp\/v2\/posts\/1352\/revisions"}],"wp:attachment":[{"href":"https:\/\/www.exportapymes.com\/comercio-exterior-america-esp\/wp-json\/wp\/v2\/media?parent=1352"}],"wp:term":[{"taxonomy":"category","embeddable":true,"href":"https:\/\/www.exportapymes.com\/comercio-exterior-america-esp\/wp-json\/wp\/v2\/categories?post=1352"},{"taxonomy":"post_tag","embeddable":true,"href":"https:\/\/www.exportapymes.com\/comercio-exterior-america-esp\/wp-json\/wp\/v2\/tags?post=1352"}],"curies":[{"name":"wp","href":"https:\/\/api.w.org\/{rel}","templated":true}]}}