{"id":1367,"date":"2007-07-12T15:36:36","date_gmt":"2007-07-12T22:36:36","guid":{"rendered":"http:\/\/www.exportapymes.com\/comercio-exterior-america-esp\/programa-de-capacitacion-pymexporta-para-las-empresas-de-guatemala\/"},"modified":"2007-07-12T15:38:18","modified_gmt":"2007-07-12T22:38:18","slug":"programa-de-capacitacion-pymexporta-para-las-empresas-de-guatemala","status":"publish","type":"post","link":"https:\/\/www.exportapymes.com\/comercio-exterior-america-esp\/programa-de-capacitacion-pymexporta-para-las-empresas-de-guatemala\/","title":{"rendered":"Programa de capacitacion Pymexporta para las Empresas de Guatemala"},"content":{"rendered":"<p>Con la finalidad de proporcionar inducci\u00f3n necesaria a todos los <strong>peque\u00f1os y medianos empresarios (PyMEs)<\/strong> que deseen <strong>exportar sus productos<\/strong>, el Ministerio de Econom\u00eda ha lanzado el <strong>programa Pymexporta<\/strong> con el apoyo econ\u00f3mico de la Uni\u00f3n Europea.<br \/>\nLos <strong>empresarios de la micro y peque\u00f1a empresa<\/strong> que deseen <strong>exportar sus productos al mercado internacional <\/strong>podr\u00e1n recibir toda la <strong>capacitaci\u00f3n<\/strong> necesaria para ello.<br \/>\n<img decoding=\"async\" src=\"http:\/\/www.exportapymes.com\/comercio-exterior-america-esp\/images\/ban\/guatemala.jpg\" \/>   Seg\u00fan indic\u00f3 Manfredo Reyes, presidente de la <strong>Federaci\u00f3n de Peque\u00f1a y Mediana Empresa (FEPYME)<\/strong>, en Guatemala existe la capacidad para que las <strong>peque\u00f1as empresas<\/strong> saquen sus <strong>productos a mercados internacionales<\/strong>, sin embargo es <strong>necesario capacitarlos<\/strong>.<br \/>\n<!--more-->Indic\u00f3 que el proyecto inici\u00f3 con 15 empresas y conforme se vaya observando la necesidad de m\u00e1s empresarios se ir\u00e1 incrementando el n\u00famero de participantes.<\/p>\n<p>Reyes se\u00f1al\u00f3 que el costo de la <strong>capacitaci\u00f3n para los empresarios<\/strong> es bajo tomando en consideraci\u00f3n todos los beneficios que obtendr\u00e1n, el empresario tiene que pagar Q1,500 que incluye todo el seguimiento por cuatro meses que dura el <strong>curso<\/strong>, y visitas a M\u00e9xico y resto de Centroam\u00e9rica para inducirlos en el<strong> proceso de exportaci\u00f3n<\/strong>.<\/p>\n<p>Existen varios empresarios interesados en <strong>recibir la capacitaci\u00f3n<\/strong>, que consiste principalmente en instruirlos acerca del <strong>proceso de exportaci\u00f3n<\/strong>, para que en poco tiempo las <strong>empresas env\u00eden su producci\u00f3n a todo el mundo<\/strong>. Telediario<\/p>\n","protected":false},"excerpt":{"rendered":"<p>Con la finalidad de proporcionar inducci\u00f3n necesaria a todos los peque\u00f1os y medianos empresarios (PyMEs) que deseen exportar sus productos, el Ministerio de Econom\u00eda ha lanzado el programa Pymexporta con el apoyo econ\u00f3mico de la Uni\u00f3n Europea. Los empresarios de<span class=\"ellipsis\">&hellip;<\/span><\/p>\n<div class=\"read-more\"><a href=\"https:\/\/www.exportapymes.com\/comercio-exterior-america-esp\/programa-de-capacitacion-pymexporta-para-las-empresas-de-guatemala\/\">Leer m&aacute;s &#8250;<\/a><\/div>\n<p><!-- end of .read-more --><\/p>\n","protected":false},"author":1,"featured_media":0,"comment_status":"open","ping_status":"open","sticky":false,"template":"","format":"standard","meta":{"footnotes":""},"categories":[28,30,24,35,32,10,29,27,49],"tags":[],"class_list":["post-1367","post","type-post","status-publish","format-standard","hentry","category-capacitacion","category-comercio-exterior","category-exportacion","category-exportador","category-exportar","category-guatemala","category-mipymes","category-pymes","category-pymex"],"_links":{"self":[{"href":"https:\/\/www.exportapymes.com\/comercio-exterior-america-esp\/wp-json\/wp\/v2\/posts\/1367","targetHints":{"allow":["GET"]}}],"collection":[{"href":"https:\/\/www.exportapymes.com\/comercio-exterior-america-esp\/wp-json\/wp\/v2\/posts"}],"about":[{"href":"https:\/\/www.exportapymes.com\/comercio-exterior-america-esp\/wp-json\/wp\/v2\/types\/post"}],"author":[{"embeddable":true,"href":"https:\/\/www.exportapymes.com\/comercio-exterior-america-esp\/wp-json\/wp\/v2\/users\/1"}],"replies":[{"embeddable":true,"href":"https:\/\/www.exportapymes.com\/comercio-exterior-america-esp\/wp-json\/wp\/v2\/comments?post=1367"}],"version-history":[{"count":0,"href":"https:\/\/www.exportapymes.com\/comercio-exterior-america-esp\/wp-json\/wp\/v2\/posts\/1367\/revisions"}],"wp:attachment":[{"href":"https:\/\/www.exportapymes.com\/comercio-exterior-america-esp\/wp-json\/wp\/v2\/media?parent=1367"}],"wp:term":[{"taxonomy":"category","embeddable":true,"href":"https:\/\/www.exportapymes.com\/comercio-exterior-america-esp\/wp-json\/wp\/v2\/categories?post=1367"},{"taxonomy":"post_tag","embeddable":true,"href":"https:\/\/www.exportapymes.com\/comercio-exterior-america-esp\/wp-json\/wp\/v2\/tags?post=1367"}],"curies":[{"name":"wp","href":"https:\/\/api.w.org\/{rel}","templated":true}]}}