{"id":1368,"date":"2007-07-12T15:50:13","date_gmt":"2007-07-12T22:50:13","guid":{"rendered":"http:\/\/www.exportapymes.com\/comercio-exterior-america-esp\/promexico-es-el-nuevo-organismo-encargado-de-difundir-y-promover-el-comercio-exterior-y-las-inversiones\/"},"modified":"2008-04-12T09:58:42","modified_gmt":"2008-04-12T16:58:42","slug":"promexico-es-el-nuevo-organismo-encargado-de-difundir-y-promover-el-comercio-exterior-y-las-inversiones","status":"publish","type":"post","link":"https:\/\/www.exportapymes.com\/comercio-exterior-america-esp\/promexico-es-el-nuevo-organismo-encargado-de-difundir-y-promover-el-comercio-exterior-y-las-inversiones\/","title":{"rendered":"ProM\u00e9xico es el nuevo organismo encargado de difundir y promover el comercio exterior y las inversiones"},"content":{"rendered":"<p>El presidente Felipe Calder\u00f3n present\u00f3 un nuevo organismo, que cre\u00f3 por decreto, para<strong> promover la inversi\u00f3n y las exportaciones de productos mexicanos<\/strong>, denominado <strong>ProM\u00e9xico<\/strong>.<br \/>\nEl mandatario dijo que <strong>ProM\u00e9xico<\/strong> ser\u00e1 un fideicomiso p\u00fablico considerado como una entidad paraestatal que tendr\u00e1 tres objetivos:<br \/>\n1.- <strong>Promover las exportaciones de productos mexicanos y atraer las inversiones al pa\u00eds<\/strong>.<br \/>\n2.- <strong>Mejorar la coordinaci\u00f3n<\/strong> entre organismos y dependencias implicadas en el <strong>comercio exterior<\/strong>.<br \/>\n3.- Incorporar las<strong> mejores pr\u00e1cticas internacionales<\/strong> para la <strong>promoci\u00f3n de exportaciones<\/strong> y la atracci\u00f3n <strong>de inversiones<\/strong>.<br \/>\n<img loading=\"lazy\" decoding=\"async\" style=\"width: 200px; height: 44px;\" title=\"ProMexico\" src=\"http:\/\/www.exportapymes.com\/comercio-exterior-america-esp\/images\/promexico.jpg\" alt=\"ProMexico\" width=\"193\" height=\"57\" \/><br \/>\n<!--more-->M\u00e9xico pretende competir de manera m\u00e1s intensa en el nivel internacional en sectores como: el automotriz, el el\u00e9ctrico, electr\u00f3nica o electrodom\u00e9sticos, en el software y en la <strong>tecnolog\u00edas de informaci\u00f3n<\/strong>, as\u00ed como en el sector aeron\u00e1utico.<\/p>\n<p>Los objetivos a perseguir son: Incrementar en cinco a\u00f1os en 230% la inversi\u00f3n en M\u00e9xico e <strong>incrementar las exportaciones<\/strong> en un 150% en el mismo periodo de tiempo.<\/p>\n<p>Calder\u00f3n Hinojosa se\u00f1al\u00f3 que con <strong>ProM\u00e9xico<\/strong> no se incrementar\u00e1 la burocracia y por el contrario, a trav\u00e9s de la Secretar\u00eda de Econom\u00eda, se brindar\u00e1 apoyo y asesor\u00eda mejor coordinada para las <strong>peque\u00f1as y medianas empresas<\/strong>.<\/p>\n<p>El mandatario indic\u00f3 que se buscar\u00e1 <strong>posicionar a M\u00e9xico<\/strong> como uno de los mejores destinos para invertir.<\/p>\n<p>M\u00e9xico, agreg\u00f3 Calder\u00f3n, tiene las condiciones para ser un destino de inversi\u00f3n mundial: Tiene estabilidad econ\u00f3mica; su posici\u00f3n geogr\u00e1fica es estrat\u00e9gica, cuenta con 11 mil kil\u00f3metros de litorales, tiene la m\u00e1s extensa red de tratados comerciales, y tiene una riqueza y solidez cultural que lo hacen una potencia tur\u00edstica.<\/p>\n<p>El mandatario mexicano asegur\u00f3 que con ProM\u00e9xico se dar\u00e1 un impulso especial a las exportaciones del pa\u00eds, a fin de lograr que en 40 a\u00f1os, M\u00e9xico forme parte de las cinco mayores econom\u00edas del mundo.<\/p>\n<p>Como parte de la estrategia, el titular del Ejecutivo dijo que ordenar\u00e1 a todos los embajadores de M\u00e9xico se conviertan en promotores de inversiones y exportaciones en todo el mundo.<\/p>\n<p>\u201cBuscaremos una promoci\u00f3n focalizada y daremos<strong> apoyo y asesor\u00eda a las Pymes<\/strong>. Habr\u00e1 una mejor coordinaci\u00f3n para las<strong> exportaciones e inversi\u00f3n<\/strong> sin aumento de la burocracia\u201d, dijo.<\/p>\n<p><strong>ProM\u00e9xico<\/strong> contar\u00e1 con un comit\u00e9 t\u00e9cnico en el que participar\u00e1n las secretar\u00edas de Econom\u00eda Relaciones Exteriores, Hacienda, Medio Ambiente, Agricultura y de Turismo, as\u00ed como las entidades federativas y el sector privado. El Universal<\/p>\n","protected":false},"excerpt":{"rendered":"<p>El presidente Felipe Calder\u00f3n present\u00f3 un nuevo organismo, que cre\u00f3 por decreto, para promover la inversi\u00f3n y las exportaciones de productos mexicanos, denominado ProM\u00e9xico. El mandatario dijo que ProM\u00e9xico ser\u00e1 un fideicomiso p\u00fablico considerado como una entidad paraestatal que tendr\u00e1<span class=\"ellipsis\">&hellip;<\/span><\/p>\n<div class=\"read-more\"><a href=\"https:\/\/www.exportapymes.com\/comercio-exterior-america-esp\/promexico-es-el-nuevo-organismo-encargado-de-difundir-y-promover-el-comercio-exterior-y-las-inversiones\/\">Leer m&aacute;s &#8250;<\/a><\/div>\n<p><!-- end of .read-more --><\/p>\n","protected":false},"author":1,"featured_media":0,"comment_status":"open","ping_status":"open","sticky":false,"template":"","format":"standard","meta":{"footnotes":""},"categories":[30,24,32,13,60,27,63],"tags":[],"class_list":["post-1368","post","type-post","status-publish","format-standard","hentry","category-comercio-exterior","category-exportacion","category-exportar","category-mexico","category-promexico","category-pymes","category-tecnologias-de-la-informacion-y-comunicacion-tic"],"_links":{"self":[{"href":"https:\/\/www.exportapymes.com\/comercio-exterior-america-esp\/wp-json\/wp\/v2\/posts\/1368","targetHints":{"allow":["GET"]}}],"collection":[{"href":"https:\/\/www.exportapymes.com\/comercio-exterior-america-esp\/wp-json\/wp\/v2\/posts"}],"about":[{"href":"https:\/\/www.exportapymes.com\/comercio-exterior-america-esp\/wp-json\/wp\/v2\/types\/post"}],"author":[{"embeddable":true,"href":"https:\/\/www.exportapymes.com\/comercio-exterior-america-esp\/wp-json\/wp\/v2\/users\/1"}],"replies":[{"embeddable":true,"href":"https:\/\/www.exportapymes.com\/comercio-exterior-america-esp\/wp-json\/wp\/v2\/comments?post=1368"}],"version-history":[{"count":0,"href":"https:\/\/www.exportapymes.com\/comercio-exterior-america-esp\/wp-json\/wp\/v2\/posts\/1368\/revisions"}],"wp:attachment":[{"href":"https:\/\/www.exportapymes.com\/comercio-exterior-america-esp\/wp-json\/wp\/v2\/media?parent=1368"}],"wp:term":[{"taxonomy":"category","embeddable":true,"href":"https:\/\/www.exportapymes.com\/comercio-exterior-america-esp\/wp-json\/wp\/v2\/categories?post=1368"},{"taxonomy":"post_tag","embeddable":true,"href":"https:\/\/www.exportapymes.com\/comercio-exterior-america-esp\/wp-json\/wp\/v2\/tags?post=1368"}],"curies":[{"name":"wp","href":"https:\/\/api.w.org\/{rel}","templated":true}]}}