{"id":1374,"date":"2007-07-17T16:58:40","date_gmt":"2007-07-17T23:58:40","guid":{"rendered":"http:\/\/www.exportapymes.com\/comercio-exterior-america-esp\/semanas-de-chile-en-canada-mexico-y-los-angeles\/"},"modified":"2007-07-17T16:58:40","modified_gmt":"2007-07-17T23:58:40","slug":"semanas-de-chile-en-canada-mexico-y-los-angeles","status":"publish","type":"post","link":"https:\/\/www.exportapymes.com\/comercio-exterior-america-esp\/semanas-de-chile-en-canada-mexico-y-los-angeles\/","title":{"rendered":"Semanas de Chile en Canad\u00e1, M\u00e9xico y Los Angeles"},"content":{"rendered":"<p><strong>ProChile <\/strong>informa sobre las<strong> Semanas de Chile<\/strong> que se realizaran en Canad\u00e1 entre los d\u00edas 01 al 05 de octubre, en M\u00e9xico entre los d\u00edas 8 al 10 de octubre y Los Angeles entre los d\u00edas 11 y 12 de octubre. El objetivo de la <strong>\u201cSemana de Chile\u201d<\/strong> es profundizar las relaciones de Chile con Am\u00e9rica del Norte en todos los \u00e1mbitos, especialmente el comercial.<br \/>\n<img loading=\"lazy\" decoding=\"async\" width=\"149\" src=\"http:\/\/www.exportapymes.com\/comercio-exterior-america-esp\/images\/prochile.gif\" height=\"40\" style=\"width: 149px; height: 40px\" \/>   El resultado esperado en el corto plazo es la concreci\u00f3n de m\u00e1s y mejores <strong>negocios<\/strong>, tanto para las <strong>empresas chilenas<\/strong> como extranjeras.<br \/>\n<!--more--><\/p>\n<p><em>INFORMACI\u00d3N:<\/em><\/p>\n<p>SEMANA DE CHILE EN CANADA<\/p>\n<p>&#8211; <a target=\"_blank\" href=\"http:\/\/www.prochile.cl\/difusion\/misiones\/semana_canada\/newsletter.htm\">Invitaci\u00f3n, Formulario de Inscripci\u00f3n y Detalles<\/a><\/p>\n<p>&#8211; <a target=\"_blank\" href=\"http:\/\/www.prochile.cl\/difusion\/misiones\/semana_canada\/semana_canada_productos.pdf\">Productos alimenticios para reuniones de Negocios en Montreal y Toronto<\/a><\/p>\n<p>&#8211; <a target=\"_blank\" href=\"http:\/\/www.prochile.cl\/difusion\/misiones\/semana_canada\/semana_canada_productos2.pdf\">Otros Productos y Servicios para reuniones de Negocios en Montreal y Toronto<\/a><br \/>\nSEMANA DE CHILE EN MEXICO Y LOS ANGELES<\/p>\n<p>&#8211; <a target=\"_blank\" href=\"http:\/\/www.prochile.cl\/difusion\/misiones\/semana_mexico_los_angeles\/newsletter.htm\">Invitaci\u00f3n, Formulario de Inscripci\u00f3n y Detalles<\/a><\/p>\n<p>&#8211; <a target=\"_blank\" href=\"http:\/\/www.prochile.cl\/difusion\/misiones\/semana_mexico_los_angeles\/semana_mexico_los_angeles_productos.pdf\">Productos alimenticios para reuniones de Negocios en M\u00e9xico y Los Angeles<\/a><\/p>\n<p>&#8211; <a target=\"_blank\" href=\"http:\/\/www.prochile.cl\/difusion\/misiones\/semana_mexico_los_angeles\/semana_mexico_los_angeles_productos2.pdf\">Otros Productos y Servicios para reuniones de Negocios en M\u00e9xico y Los Angeles<\/a><\/p>\n","protected":false},"excerpt":{"rendered":"<p>ProChile informa sobre las Semanas de Chile que se realizaran en Canad\u00e1 entre los d\u00edas 01 al 05 de octubre, en M\u00e9xico entre los d\u00edas 8 al 10 de octubre y Los Angeles entre los d\u00edas 11 y 12 de<span class=\"ellipsis\">&hellip;<\/span><\/p>\n<div class=\"read-more\"><a href=\"https:\/\/www.exportapymes.com\/comercio-exterior-america-esp\/semanas-de-chile-en-canada-mexico-y-los-angeles\/\">Leer m&aacute;s &#8250;<\/a><\/div>\n<p><!-- end of .read-more --><\/p>\n","protected":false},"author":1,"featured_media":0,"comment_status":"open","ping_status":"open","sticky":false,"template":"","format":"standard","meta":{"footnotes":""},"categories":[4,30,24,25,40,49],"tags":[],"class_list":["post-1374","post","type-post","status-publish","format-standard","hentry","category-chile","category-comercio-exterior","category-exportacion","category-internacionalizacion","category-prochile","category-pymex"],"_links":{"self":[{"href":"https:\/\/www.exportapymes.com\/comercio-exterior-america-esp\/wp-json\/wp\/v2\/posts\/1374","targetHints":{"allow":["GET"]}}],"collection":[{"href":"https:\/\/www.exportapymes.com\/comercio-exterior-america-esp\/wp-json\/wp\/v2\/posts"}],"about":[{"href":"https:\/\/www.exportapymes.com\/comercio-exterior-america-esp\/wp-json\/wp\/v2\/types\/post"}],"author":[{"embeddable":true,"href":"https:\/\/www.exportapymes.com\/comercio-exterior-america-esp\/wp-json\/wp\/v2\/users\/1"}],"replies":[{"embeddable":true,"href":"https:\/\/www.exportapymes.com\/comercio-exterior-america-esp\/wp-json\/wp\/v2\/comments?post=1374"}],"version-history":[{"count":0,"href":"https:\/\/www.exportapymes.com\/comercio-exterior-america-esp\/wp-json\/wp\/v2\/posts\/1374\/revisions"}],"wp:attachment":[{"href":"https:\/\/www.exportapymes.com\/comercio-exterior-america-esp\/wp-json\/wp\/v2\/media?parent=1374"}],"wp:term":[{"taxonomy":"category","embeddable":true,"href":"https:\/\/www.exportapymes.com\/comercio-exterior-america-esp\/wp-json\/wp\/v2\/categories?post=1374"},{"taxonomy":"post_tag","embeddable":true,"href":"https:\/\/www.exportapymes.com\/comercio-exterior-america-esp\/wp-json\/wp\/v2\/tags?post=1374"}],"curies":[{"name":"wp","href":"https:\/\/api.w.org\/{rel}","templated":true}]}}