{"id":1393,"date":"2007-08-13T12:43:38","date_gmt":"2007-08-13T19:43:38","guid":{"rendered":"http:\/\/www.exportapymes.com\/comercio-exterior-america-esp\/premian-a-exportadores-de-el-salvador\/"},"modified":"2007-08-13T12:43:38","modified_gmt":"2007-08-13T19:43:38","slug":"premian-a-exportadores-de-el-salvador","status":"publish","type":"post","link":"https:\/\/www.exportapymes.com\/comercio-exterior-america-esp\/premian-a-exportadores-de-el-salvador\/","title":{"rendered":"Premian a exportadores de El Salvador"},"content":{"rendered":"<p>Como ya es tradici\u00f3n, la <strong>Corporaci\u00f3n de Exportadores de El Salvador (COEXPORT) <\/strong>entreg\u00f3, un reconocimiento a las<strong> empresas exportadoras salvadore\u00f1as<\/strong> que por su trayectoria se destacaron m\u00e1s en el \u00faltimo a\u00f1o.<br \/>\nGrupo Merlet, Dar Kolor, Urrutia\u2019s State Coffee, Arnecom, Latin Food Distributors y Torogoz fueron las empresas galardonadas durante la edici\u00f3n 2007.<br \/>\n<img decoding=\"async\" src=\"http:\/\/www.exportapymes.com\/comercio-exterior-america-esp\/images\/ban\/el_salvador.jpg\" \/>   \u201cCada una de las empresas que ha recibido el premio merece el reconocimiento de los salvadore\u00f1os, porque detr\u00e1s de cada empresario hay miles y miles de empleos y familias que viven de estos empleos\u201d, destac\u00f3 el presidente Antonio Saca. \u201cUstedes est\u00e1n haciendo posible gran parte del crecimiento del pa\u00eds\u201d, agreg\u00f3.<br \/>\n<!--more-->Por su parte, <strong>Vilma de Calder\u00f3n, presidenta de COEXPORT<\/strong>, destac\u00f3 que la <strong>exportaci\u00f3n<\/strong> es una \u201cactividad de corto y mediano plazo que exige una adecuada planeaci\u00f3n de los recursos y elementos prioritarios\u201d, dentro de estos destacan: calidad, precio competitivo, volumen, <strong>servicios post venta y oferta exportable<\/strong>, seg\u00fan la empresaria.<\/p>\n<p>Durante 2006, el pa\u00eds logr\u00f3 ventas al extranjero equivalentes a $3,513 millones. Y la tendencia es a seguir creciendo: \u201cEste a\u00f1o hemos alcanzado un crecimiento de 4% en relaci\u00f3n a lo exportado el a\u00f1o pasado\u201d, afirm\u00f3 de Calder\u00f3n.<\/p>\n<p><em>Ropa y caf\u00e9 despuntan<br \/>\n<\/em>\u201cTenemos que aprovechar la cercan\u00eda geogr\u00e1fica que tenemos con Estados Unidos, el mercado m\u00e1s grande del mundo. El futuro del pa\u00eds est\u00e1 en la exportaci\u00f3n\u201d, destac\u00f3 Fredy Frech, presidente de Grupo Merlet, que fue fundado en 1979 y se dedica a la exportaci\u00f3n de prendas de vestir.<\/p>\n<p>Mientras tanto, Enrique Urrutia, presidente de Urrutia\u2019s State Coffee, la empresa premiada en la categor\u00eda de agroexportadora, el reconocimiento \u201ces un premio a todo el sector de caf\u00e9s especiales\u201d, porque a trav\u00e9s del grano se da a conocer el pa\u00eds. La empresa export\u00f3 su primer contenedor de 375 quintales a Canad\u00e1 en 2003.<\/p>\n<p><em>Los otros cuatro empresarios reconocidos se dedican a diferentes actividades:<\/em><br \/>\n&#8211; Dar Kolor es una mediana empresa con 23 empleados que exporta el 95% de su producci\u00f3n de art\u00edculos publicitarios y promocionales. <\/p>\n<p>&#8211; Arnecom es una inversi\u00f3n cien por ciento extranjera dedicada a la fabricaci\u00f3n de arneses par autom\u00f3viles y que genera 600 empleos directos.<\/p>\n<p>&#8211; Latin Food Distributors est\u00e1 conformada por 11 empresas que exportan productos \u00e9tnicos a Estados Unidos a trav\u00e9s de CAFTA.<\/p>\n<p>&#8211; Torogoz, empresa que cuenta con 170 empleados con exportaciones a Centroam\u00e9rica, M\u00e9xico, el Caribe y Estados Unidos.<br \/>\nMayency Linares\/Karina Granados. La Prensa Gr\u00e1fica<\/p>\n","protected":false},"excerpt":{"rendered":"<p>Como ya es tradici\u00f3n, la Corporaci\u00f3n de Exportadores de El Salvador (COEXPORT) entreg\u00f3, un reconocimiento a las empresas exportadoras salvadore\u00f1as que por su trayectoria se destacaron m\u00e1s en el \u00faltimo a\u00f1o. Grupo Merlet, Dar Kolor, Urrutia\u2019s State Coffee, Arnecom, Latin<span class=\"ellipsis\">&hellip;<\/span><\/p>\n<div class=\"read-more\"><a href=\"https:\/\/www.exportapymes.com\/comercio-exterior-america-esp\/premian-a-exportadores-de-el-salvador\/\">Leer m&aacute;s &#8250;<\/a><\/div>\n<p><!-- end of .read-more --><\/p>\n","protected":false},"author":1,"featured_media":0,"comment_status":"open","ping_status":"open","sticky":false,"template":"","format":"standard","meta":{"footnotes":""},"categories":[30,9,24,59,35,29,27,49,34,33],"tags":[],"class_list":["post-1393","post","type-post","status-publish","format-standard","hentry","category-comercio-exterior","category-el-salvador","category-exportacion","category-exportacion-de-servicios","category-exportador","category-mipymes","category-pymes","category-pymex","category-vender","category-venta"],"_links":{"self":[{"href":"https:\/\/www.exportapymes.com\/comercio-exterior-america-esp\/wp-json\/wp\/v2\/posts\/1393","targetHints":{"allow":["GET"]}}],"collection":[{"href":"https:\/\/www.exportapymes.com\/comercio-exterior-america-esp\/wp-json\/wp\/v2\/posts"}],"about":[{"href":"https:\/\/www.exportapymes.com\/comercio-exterior-america-esp\/wp-json\/wp\/v2\/types\/post"}],"author":[{"embeddable":true,"href":"https:\/\/www.exportapymes.com\/comercio-exterior-america-esp\/wp-json\/wp\/v2\/users\/1"}],"replies":[{"embeddable":true,"href":"https:\/\/www.exportapymes.com\/comercio-exterior-america-esp\/wp-json\/wp\/v2\/comments?post=1393"}],"version-history":[{"count":0,"href":"https:\/\/www.exportapymes.com\/comercio-exterior-america-esp\/wp-json\/wp\/v2\/posts\/1393\/revisions"}],"wp:attachment":[{"href":"https:\/\/www.exportapymes.com\/comercio-exterior-america-esp\/wp-json\/wp\/v2\/media?parent=1393"}],"wp:term":[{"taxonomy":"category","embeddable":true,"href":"https:\/\/www.exportapymes.com\/comercio-exterior-america-esp\/wp-json\/wp\/v2\/categories?post=1393"},{"taxonomy":"post_tag","embeddable":true,"href":"https:\/\/www.exportapymes.com\/comercio-exterior-america-esp\/wp-json\/wp\/v2\/tags?post=1393"}],"curies":[{"name":"wp","href":"https:\/\/api.w.org\/{rel}","templated":true}]}}