{"id":1400,"date":"2007-08-13T21:11:00","date_gmt":"2007-08-14T04:11:00","guid":{"rendered":"http:\/\/www.exportapymes.com\/comercio-exterior-america-esp\/reflexiones-sobre-las-exportaciones-de-republica-dominicana\/"},"modified":"2007-08-13T21:11:00","modified_gmt":"2007-08-14T04:11:00","slug":"reflexiones-sobre-las-exportaciones-de-republica-dominicana","status":"publish","type":"post","link":"https:\/\/www.exportapymes.com\/comercio-exterior-america-esp\/reflexiones-sobre-las-exportaciones-de-republica-dominicana\/","title":{"rendered":"Reflexiones sobre las exportaciones de Rep\u00fablica Dominicana"},"content":{"rendered":"<p>Efectivamente, el <strong>crecimiento de las exportaciones<\/strong> nacionales es uno de los grandes y m\u00e1s dif\u00edciles objetivos en que se ha situado la econom\u00eda nacional dentro de su estrategia de desarrollo; y es correcto que as\u00ed sea. Ello significar\u00eda no solo un mayor nivel de ingreso y riqueza, sino tambi\u00e9n, obviamente, m\u00e1s empleo y, por lo tanto, reducci\u00f3n de la pobreza y elevaci\u00f3n del nivel de vida.<br \/>\n<img loading=\"lazy\" decoding=\"async\" width=\"137\" src=\"http:\/\/www.exportapymes.com\/comercio-exterior-america-esp\/images\/Centro-de-Exportacion-e-Inversion-CEI-RD.jpg\" height=\"60\" style=\"width: 137px; height: 60px\" \/>   Hay tres fuentes claves en la captaci\u00f3n de los ingresos nacionales: turismo, zona franca y remesas. Ha sido incuestionablemente correcto que el pa\u00eds haya identificado el turismo como uno de los sectores claves para el<br \/>\n<!--more-->desarrollo nacional, y que lo siga siendo. A su vez respondi\u00f3 a una realidad objetiva y una oportunidad estrat\u00e9gica aprovechar las posibilidades de captar inversiones para desarrollar los parques industriales bajo el esquema de zonas francas. Aunque este esquema est\u00e1 llamado a desaparecer por las concepciones prevalecientes hoy d\u00eda en que se pretende que toda la econom\u00eda funcione en igualdad de condiciones sin el trato preferencial que reciben las zonas francas, la OMC acaba de autorizar que ese esquema se mantenga hasta el 2015; se supon\u00eda que tendr\u00eda que desaparecer en el 2009 y ya veremos m\u00e1s adelante.<\/p>\n<p>Sin embargo, la tercera fuente de ingresos no responde a un factor de la estrategia de desarrollo sino que, muy por el contrario, es la prueba fehaciente del fracaso hist\u00f3rico de las pol\u00edticas econ\u00f3micas nacionales. La emigraci\u00f3n masiva nos proyecta la gran tragedia: estrategias fallidas que hicieron quebrar sectores tradicionales con la consecuente p\u00e9rdida de empleos y de producci\u00f3n y por lo tanto la misma es una prueba de la incapacidad que han mostrado las pol\u00edticas econ\u00f3micas implementadas hasta ahora para generar empleos a un ritmo adecuado.<\/p>\n<p>Ni el turismo ni las zonas francas pueden compensar plenamente el desplazamiento de fuerza de trabajo que se ha producido en el vital y necesariamente estrat\u00e9gico sector agropecuario nacional. La econom\u00eda nacional dif\u00edcilmente pueda dar los saltos cualitativos y cuantitativos que de ella se espera sin un proceso masivo de inversi\u00f3n en los sectores agr\u00edcolas y pecuarios nacionales.<\/p>\n<p>Es ineludiblemente cierto que para ello se requiere una pol\u00edtica de gobierno para fortalecer el sector y crear las infraestructuras imprescindibles para garantizar altos niveles de competitividad. \u00a1Cu\u00e1ntas oportunidades y recursos perdemos con frecuencia! \u00bfQu\u00e9 queda de aquellos 32 proyectos de flores para la exportaci\u00f3n, para los cuales el pa\u00eds recibi\u00f3 importantes recursos hace unos 12 a\u00f1os? Colombia exporta m\u00e1s de mil millones de d\u00f3lares en flores cada a\u00f1o y Ecuador alrededor de 700 millones de d\u00f3lares. Aqu\u00ed hemos terminado importando.<br \/>\nM\u00e1s recientemente, los invernaderos en que se invirti\u00f3, ser\u00eda bueno conocer qu\u00e9 impacto han tenido en la producci\u00f3n y sobretodo en la exportaci\u00f3n.<\/p>\n<p>No hay dudas de que el principal problema en estos momentos es el de lograr producir en condiciones de rentabilidad y competitividad. En esa direcci\u00f3n se inserta un creciente esfuerzo de peque\u00f1os productores que requieren y merecen un fuerte apoyo institucional para acrecentar la disponibilidad de productos agropecuarios.<\/p>\n<p>El gobierno tiene que avanzar a completar un esquema integral de apoyo al exportador.<\/p>\n<p>Pero ello no basta.<\/p>\n<p>Ni resulta suficiente que el CEI-RD ejecute una agresiva y exitosa pol\u00edtica de promoci\u00f3n de exportaciones, si el sector empresarial no incrementa y diversifica la oferta exportable.<br \/>\n\u00bfEl pa\u00eds tiene que resignarse a estancarse como productor de bienes primarios, sin avanzar a una plataforma exportadora agroindustrial con mayor valor agregado?<\/p>\n<p>Pa\u00edses como Italia, Alemania y otros, aparecen en las estad\u00edsticas como importantes exportadores de caf\u00e9 a nivel mundial. \u00bfCu\u00e1ntos alemanes e italianos podemos encontrar que hayan visto una maldita mata de caf\u00e9? El mismo an\u00e1lisis es v\u00e1lido con relaci\u00f3n al cacao y el chocolate en el caso de Suiza y Holanda, entre otros.<\/p>\n<p>Estos pa\u00edses importan el producto primario, lo procesan y ofertan entonces un producto de mayor valor agregado y demanda.<\/p>\n<p>El empresariado privado de mayores posibilidades debiera tambi\u00e9n asumir su compromiso con el desarrollo del pa\u00eds y contribuir a desarrollar una plataforma agroindustrial que habr\u00e1 de ser el pivote del desarrollo nacional, as\u00ed como de una amplia y exitosa plataforma exportadora. Solo entonces lograremos los saltos que pretendemos y estaremos en condiciones de poder aprovechar las potencialidades de los acuerdos de libre comercio.<\/p>\n","protected":false},"excerpt":{"rendered":"<p>Efectivamente, el crecimiento de las exportaciones nacionales es uno de los grandes y m\u00e1s dif\u00edciles objetivos en que se ha situado la econom\u00eda nacional dentro de su estrategia de desarrollo; y es correcto que as\u00ed sea. Ello significar\u00eda no solo<span class=\"ellipsis\">&hellip;<\/span><\/p>\n<div class=\"read-more\"><a href=\"https:\/\/www.exportapymes.com\/comercio-exterior-america-esp\/reflexiones-sobre-las-exportaciones-de-republica-dominicana\/\">Leer m&aacute;s &#8250;<\/a><\/div>\n<p><!-- end of .read-more --><\/p>\n","protected":false},"author":1,"featured_media":0,"comment_status":"open","ping_status":"open","sticky":false,"template":"","format":"standard","meta":{"footnotes":""},"categories":[54,24,35,32,18],"tags":[],"class_list":["post-1400","post","type-post","status-publish","format-standard","hentry","category-cei-rd-centro-de-exportacion-e-inversion-de-la-republica-dominicana","category-exportacion","category-exportador","category-exportar","category-republica-dominicana"],"_links":{"self":[{"href":"https:\/\/www.exportapymes.com\/comercio-exterior-america-esp\/wp-json\/wp\/v2\/posts\/1400","targetHints":{"allow":["GET"]}}],"collection":[{"href":"https:\/\/www.exportapymes.com\/comercio-exterior-america-esp\/wp-json\/wp\/v2\/posts"}],"about":[{"href":"https:\/\/www.exportapymes.com\/comercio-exterior-america-esp\/wp-json\/wp\/v2\/types\/post"}],"author":[{"embeddable":true,"href":"https:\/\/www.exportapymes.com\/comercio-exterior-america-esp\/wp-json\/wp\/v2\/users\/1"}],"replies":[{"embeddable":true,"href":"https:\/\/www.exportapymes.com\/comercio-exterior-america-esp\/wp-json\/wp\/v2\/comments?post=1400"}],"version-history":[{"count":0,"href":"https:\/\/www.exportapymes.com\/comercio-exterior-america-esp\/wp-json\/wp\/v2\/posts\/1400\/revisions"}],"wp:attachment":[{"href":"https:\/\/www.exportapymes.com\/comercio-exterior-america-esp\/wp-json\/wp\/v2\/media?parent=1400"}],"wp:term":[{"taxonomy":"category","embeddable":true,"href":"https:\/\/www.exportapymes.com\/comercio-exterior-america-esp\/wp-json\/wp\/v2\/categories?post=1400"},{"taxonomy":"post_tag","embeddable":true,"href":"https:\/\/www.exportapymes.com\/comercio-exterior-america-esp\/wp-json\/wp\/v2\/tags?post=1400"}],"curies":[{"name":"wp","href":"https:\/\/api.w.org\/{rel}","templated":true}]}}