{"id":1412,"date":"2007-08-27T20:57:42","date_gmt":"2007-08-28T03:57:42","guid":{"rendered":"http:\/\/www.exportapymes.com\/comercio-exterior-america-esp\/apoyan-uso-de-las-tis-en-las-pymes-de-mexico\/"},"modified":"2007-08-27T20:57:42","modified_gmt":"2007-08-28T03:57:42","slug":"apoyan-uso-de-las-tis-en-las-pymes-de-mexico","status":"publish","type":"post","link":"https:\/\/www.exportapymes.com\/comercio-exterior-america-esp\/apoyan-uso-de-las-tis-en-las-pymes-de-mexico\/","title":{"rendered":"Apoyan uso de las TIs en las PyMEs de M\u00e9xico"},"content":{"rendered":"<p>La <strong>Asociaci\u00f3n Mexicana de la Industria de Tecnolog\u00edas de Informaci\u00f3n (AMITI)<\/strong>, lanza una convocatoria dirigida a organizaciones y empresas para invitarlas a participar en la tercera edici\u00f3n del Premio <strong>AMITI 2007<\/strong> titulado: &#8220;<strong>Al Aprovechamiento de las TIs para el Desarrollo de M\u00e9xico<\/strong>&#8220;.<br \/>\n<img decoding=\"async\" src=\"http:\/\/www.exportapymes.com\/comercio-exterior-america-esp\/images\/otras\/premio-AMITI.jpg\" \/> El objetivo de dicha convocatoria es promover el <strong>uso de Tecnolog\u00edas de Informaci\u00f3n en las empresas<\/strong> para lograr un mayor desempe\u00f1o que mejore la productividad e impulse a M\u00e9xico hacia el desarrollo tecnol\u00f3gico.<br \/>\n<!--more-->El Premio AMITI se cre\u00f3 con el fin de identificar proyectos, que como resultado del uso de TI han logrado importantes beneficios para la empresa o entidad, tales como reducci\u00f3n de costos, incremento en la eficiencia, mejoras de productividad, innovaci\u00f3n en los procesos y mayores niveles de satisfacci\u00f3n de clientes y usuarios.<\/p>\n<p>Hay tres categor\u00edas. La primera est\u00e1 dirigida a la iniciativa privada tanto para peque\u00f1as y medianas empresas como grandes corporaciones. La segunda es para gobiernos tanto federal como estatal y municipal. La tercera es con enfoque a la academia.<\/p>\n<p>Los proyectos que se inscriban ser\u00e1n evaluados y seleccionados por los miembros del jurado compuesto por ejecutivos de primer nivel, representantes de la iniciativa privada, el gobierno, la academia, un funcionario p\u00fablico, un integrante de la Academia y un integrante de la Industria. Este grupo evaluar\u00e1 el desarrollo y presentaci\u00f3n de los proyectos pre-seleccionados designando a las organizaciones ganadoras y estar\u00e1 integrado por un selecto grupo.<\/p>\n<p>La fecha l\u00edmite para la entrega del proyecto es el 31 de agosto y la premiaci\u00f3n se llevar\u00e1 a cabo el 10 de octubre en el marco del Congreso Internacional AMITI 2007.<\/p>\n<p>Todos los proyectos ganadores tendr\u00e1n derecho a la realizaci\u00f3n de una campa\u00f1a de difusi\u00f3n en medios y podr\u00e1n emplear el logotipo del Premio AMITI, durante los 2 siguientes a\u00f1os a la entrega del premio.<\/p>\n<p>Para conocer las bases del concurso entre a <a target=\"_blank\" href=\"http:\/\/www.amiti.org.mx\">www.amiti.org.mx.<br \/>\n<\/a><br \/>\nM\u00e1s informaci\u00f3n: <a href=\"mailto:premioamiti@amiti.org.mx\">premioamiti@amiti.org.mx<\/a> o 5207 0409. Redacci\u00f3n El Universal<\/p>\n","protected":false},"excerpt":{"rendered":"<p>La Asociaci\u00f3n Mexicana de la Industria de Tecnolog\u00edas de Informaci\u00f3n (AMITI), lanza una convocatoria dirigida a organizaciones y empresas para invitarlas a participar en la tercera edici\u00f3n del Premio AMITI 2007 titulado: &#8220;Al Aprovechamiento de las TIs para el Desarrollo<span class=\"ellipsis\">&hellip;<\/span><\/p>\n<div class=\"read-more\"><a href=\"https:\/\/www.exportapymes.com\/comercio-exterior-america-esp\/apoyan-uso-de-las-tis-en-las-pymes-de-mexico\/\">Leer m&aacute;s &#8250;<\/a><\/div>\n<p><!-- end of .read-more --><\/p>\n","protected":false},"author":1,"featured_media":0,"comment_status":"open","ping_status":"open","sticky":false,"template":"","format":"standard","meta":{"footnotes":""},"categories":[13,29,27,49,63],"tags":[],"class_list":["post-1412","post","type-post","status-publish","format-standard","hentry","category-mexico","category-mipymes","category-pymes","category-pymex","category-tecnologias-de-la-informacion-y-comunicacion-tic"],"_links":{"self":[{"href":"https:\/\/www.exportapymes.com\/comercio-exterior-america-esp\/wp-json\/wp\/v2\/posts\/1412","targetHints":{"allow":["GET"]}}],"collection":[{"href":"https:\/\/www.exportapymes.com\/comercio-exterior-america-esp\/wp-json\/wp\/v2\/posts"}],"about":[{"href":"https:\/\/www.exportapymes.com\/comercio-exterior-america-esp\/wp-json\/wp\/v2\/types\/post"}],"author":[{"embeddable":true,"href":"https:\/\/www.exportapymes.com\/comercio-exterior-america-esp\/wp-json\/wp\/v2\/users\/1"}],"replies":[{"embeddable":true,"href":"https:\/\/www.exportapymes.com\/comercio-exterior-america-esp\/wp-json\/wp\/v2\/comments?post=1412"}],"version-history":[{"count":0,"href":"https:\/\/www.exportapymes.com\/comercio-exterior-america-esp\/wp-json\/wp\/v2\/posts\/1412\/revisions"}],"wp:attachment":[{"href":"https:\/\/www.exportapymes.com\/comercio-exterior-america-esp\/wp-json\/wp\/v2\/media?parent=1412"}],"wp:term":[{"taxonomy":"category","embeddable":true,"href":"https:\/\/www.exportapymes.com\/comercio-exterior-america-esp\/wp-json\/wp\/v2\/categories?post=1412"},{"taxonomy":"post_tag","embeddable":true,"href":"https:\/\/www.exportapymes.com\/comercio-exterior-america-esp\/wp-json\/wp\/v2\/tags?post=1412"}],"curies":[{"name":"wp","href":"https:\/\/api.w.org\/{rel}","templated":true}]}}