{"id":1417,"date":"2007-08-28T05:00:10","date_gmt":"2007-08-28T12:00:10","guid":{"rendered":"http:\/\/www.exportapymes.com\/comercio-exterior-america-esp\/seminario-plan-de-negocios-en-comercio-exterior-de-promexico\/"},"modified":"2007-08-28T05:00:10","modified_gmt":"2007-08-28T12:00:10","slug":"seminario-plan-de-negocios-en-comercio-exterior-de-promexico","status":"publish","type":"post","link":"https:\/\/www.exportapymes.com\/comercio-exterior-america-esp\/seminario-plan-de-negocios-en-comercio-exterior-de-promexico\/","title":{"rendered":"Seminario Plan de Negocios en Comercio Exterior de Prom\u00e9xico"},"content":{"rendered":"<p><em>30\/08\/2007 al 31\/08\/2007 &#8211; Guadalajara, Jal.<br \/>\n<\/em><strong>ProM\u00e9xico<\/strong> invita a participar del<strong> Seminario Plan de Negocios en Comercio Exterior<\/strong>, que se realizar\u00e1 en Guadalajara los d\u00edas 30 y 31 de agosto, y que busca proporcionar los elementos involucrados en un <strong>Plan<\/strong> <strong>de Negocios<\/strong>, para la mejor toma de decisiones en materia de<strong> comercio exterior<\/strong>.<br \/>\n<img decoding=\"async\" src=\"http:\/\/www.exportapymes.com\/comercio-exterior-america-esp\/images\/promexico.jpg\" alt=\"Prom\u00e9xico\" title=\"Prom\u00e9xico\" \/><br \/>\n<!--more--><\/p>\n<p><em>Temas<br \/>\n<\/em>&#8221; Objetivos de la Planeaci\u00f3n de los Negocios de Exportaci\u00f3n.<br \/>\n&#8221; Descripci\u00f3n del Negocio.<br \/>\n&#8221; An\u00e1lisis del Mercado Meta.<br \/>\n&#8221; Diagn\u00f3stico de la Estructura Organizativa de la Empresa.<br \/>\n&#8221; An\u00e1lisis de la Posici\u00f3n Tecnol\u00f3gica.<br \/>\n&#8221; An\u00e1lisis de la Posici\u00f3n, el Rendimiento y Pron\u00f3sticos Financieros.<br \/>\n&#8221; Riesgos Cr\u00edticos y Planes de Contingencia.<br \/>\n&#8221; Resumen Ejecutivo.<\/p>\n<p>Informes Ana Luisa Cuellar Aranda<br \/>\nTelefono (33) 3648-2700 ext-2752<br \/>\nOrganiza PROM\u00c9XICO<\/p>\n<p>Institucion PROM\u00c9XICO<br \/>\nDuracion 16 horas<\/p>\n<p>E-mail <a href=\"mailto:acuellar@bancomext.gob.mx\">acuellar@bancomext.gob.mx<\/a><\/p>\n<p>Lugar Blvd. Puerta de Hierro 5090-5<br \/>\nFracc. Puerta de Hierro<br \/>\n45110 Zapopan, Jal. <\/p>\n","protected":false},"excerpt":{"rendered":"<p>30\/08\/2007 al 31\/08\/2007 &#8211; Guadalajara, Jal. ProM\u00e9xico invita a participar del Seminario Plan de Negocios en Comercio Exterior, que se realizar\u00e1 en Guadalajara los d\u00edas 30 y 31 de agosto, y que busca proporcionar los elementos involucrados en un Plan<span class=\"ellipsis\">&hellip;<\/span><\/p>\n<div class=\"read-more\"><a href=\"https:\/\/www.exportapymes.com\/comercio-exterior-america-esp\/seminario-plan-de-negocios-en-comercio-exterior-de-promexico\/\">Leer m&aacute;s &#8250;<\/a><\/div>\n<p><!-- end of .read-more --><\/p>\n","protected":false},"author":1,"featured_media":0,"comment_status":"open","ping_status":"open","sticky":false,"template":"","format":"standard","meta":{"footnotes":""},"categories":[28,30,24,32,25,13,60],"tags":[],"class_list":["post-1417","post","type-post","status-publish","format-standard","hentry","category-capacitacion","category-comercio-exterior","category-exportacion","category-exportar","category-internacionalizacion","category-mexico","category-promexico"],"_links":{"self":[{"href":"https:\/\/www.exportapymes.com\/comercio-exterior-america-esp\/wp-json\/wp\/v2\/posts\/1417","targetHints":{"allow":["GET"]}}],"collection":[{"href":"https:\/\/www.exportapymes.com\/comercio-exterior-america-esp\/wp-json\/wp\/v2\/posts"}],"about":[{"href":"https:\/\/www.exportapymes.com\/comercio-exterior-america-esp\/wp-json\/wp\/v2\/types\/post"}],"author":[{"embeddable":true,"href":"https:\/\/www.exportapymes.com\/comercio-exterior-america-esp\/wp-json\/wp\/v2\/users\/1"}],"replies":[{"embeddable":true,"href":"https:\/\/www.exportapymes.com\/comercio-exterior-america-esp\/wp-json\/wp\/v2\/comments?post=1417"}],"version-history":[{"count":0,"href":"https:\/\/www.exportapymes.com\/comercio-exterior-america-esp\/wp-json\/wp\/v2\/posts\/1417\/revisions"}],"wp:attachment":[{"href":"https:\/\/www.exportapymes.com\/comercio-exterior-america-esp\/wp-json\/wp\/v2\/media?parent=1417"}],"wp:term":[{"taxonomy":"category","embeddable":true,"href":"https:\/\/www.exportapymes.com\/comercio-exterior-america-esp\/wp-json\/wp\/v2\/categories?post=1417"},{"taxonomy":"post_tag","embeddable":true,"href":"https:\/\/www.exportapymes.com\/comercio-exterior-america-esp\/wp-json\/wp\/v2\/tags?post=1417"}],"curies":[{"name":"wp","href":"https:\/\/api.w.org\/{rel}","templated":true}]}}