{"id":1418,"date":"2007-08-28T19:11:28","date_gmt":"2007-08-29T02:11:28","guid":{"rendered":"http:\/\/www.exportapymes.com\/comercio-exterior-america-esp\/programa-becas-ivex\/"},"modified":"2007-08-28T19:11:28","modified_gmt":"2007-08-29T02:11:28","slug":"programa-becas-ivex","status":"publish","type":"post","link":"https:\/\/www.exportapymes.com\/comercio-exterior-america-esp\/programa-becas-ivex\/","title":{"rendered":"Programa Becas IVEX"},"content":{"rendered":"<p>El<strong> Instituto Valenciano de la Exportaci\u00f3n<\/strong> ha dise\u00f1ado este programa de becas con el fin de poner a disposici\u00f3n de las<strong> empresas de la Comunitat Valenciana recursos humanos especializados en internacionalizaci\u00f3n<\/strong>: titulados universitarios, con dominio de idiomas, y con formaci\u00f3n tanto te\u00f3rica como pr\u00e1ctica.<br \/>\n<img loading=\"lazy\" decoding=\"async\" width=\"322\" src=\"http:\/\/www.exportapymes.com\/comercio-exterior-america-esp\/images\/ivex.jpg\" alt=\"Instituto Valenciano de la Exportaci\u00f3n - IVEX\" height=\"47\" style=\"width: 322px; height: 47px\" title=\"Instituto Valenciano de la Exportaci\u00f3n - IVEX\" \/>   La tercera fase del programa, con una duraci\u00f3n de 12 meses, se desarrolla en <strong>empresas de la Comunitat Valenciana<\/strong> que cuentan con filiales y\/o <strong>proyectos de implantaci\u00f3n en el exterior<\/strong>, as\u00ed como en <strong>Organismos de Promoci\u00f3n de la Internacionalizaci\u00f3n<\/strong>.<br \/>\n<!--more-->Con el fin de seguir generando riqueza y valor a\u00f1adido para su empresa, le animamos a participar en esta iniciativa, que tiene por objetivo formar e incorporar al tejido empresarial valenciano nuevos profesionales con una elevada y actualizada formaci\u00f3n e informaci\u00f3n  de los mercados internacionales, de sus amenazas y oportunidades, de como acceder a los mismos, etc.<\/p>\n<p>M\u00e1s informaci\u00f3n: <a target=\"_blank\" href=\"http:\/\/intranet.ivex.es\/becas\/becasint07_2.nsf\/sol_empresa?OpenForm\">http:\/\/intranet.ivex.es\/becas\/becasint07_2.nsf\/sol_empresa?OpenForm<\/a><\/p>\n","protected":false},"excerpt":{"rendered":"<p>El Instituto Valenciano de la Exportaci\u00f3n ha dise\u00f1ado este programa de becas con el fin de poner a disposici\u00f3n de las empresas de la Comunitat Valenciana recursos humanos especializados en internacionalizaci\u00f3n: titulados universitarios, con dominio de idiomas, y con formaci\u00f3n<span class=\"ellipsis\">&hellip;<\/span><\/p>\n<div class=\"read-more\"><a href=\"https:\/\/www.exportapymes.com\/comercio-exterior-america-esp\/programa-becas-ivex\/\">Leer m&aacute;s &#8250;<\/a><\/div>\n<p><!-- end of .read-more --><\/p>\n","protected":false},"author":1,"featured_media":0,"comment_status":"open","ping_status":"open","sticky":false,"template":"","format":"standard","meta":{"footnotes":""},"categories":[28,30,22,24,35,32,25,50],"tags":[],"class_list":["post-1418","post","type-post","status-publish","format-standard","hentry","category-capacitacion","category-comercio-exterior","category-espana","category-exportacion","category-exportador","category-exportar","category-internacionalizacion","category-ivex"],"_links":{"self":[{"href":"https:\/\/www.exportapymes.com\/comercio-exterior-america-esp\/wp-json\/wp\/v2\/posts\/1418","targetHints":{"allow":["GET"]}}],"collection":[{"href":"https:\/\/www.exportapymes.com\/comercio-exterior-america-esp\/wp-json\/wp\/v2\/posts"}],"about":[{"href":"https:\/\/www.exportapymes.com\/comercio-exterior-america-esp\/wp-json\/wp\/v2\/types\/post"}],"author":[{"embeddable":true,"href":"https:\/\/www.exportapymes.com\/comercio-exterior-america-esp\/wp-json\/wp\/v2\/users\/1"}],"replies":[{"embeddable":true,"href":"https:\/\/www.exportapymes.com\/comercio-exterior-america-esp\/wp-json\/wp\/v2\/comments?post=1418"}],"version-history":[{"count":0,"href":"https:\/\/www.exportapymes.com\/comercio-exterior-america-esp\/wp-json\/wp\/v2\/posts\/1418\/revisions"}],"wp:attachment":[{"href":"https:\/\/www.exportapymes.com\/comercio-exterior-america-esp\/wp-json\/wp\/v2\/media?parent=1418"}],"wp:term":[{"taxonomy":"category","embeddable":true,"href":"https:\/\/www.exportapymes.com\/comercio-exterior-america-esp\/wp-json\/wp\/v2\/categories?post=1418"},{"taxonomy":"post_tag","embeddable":true,"href":"https:\/\/www.exportapymes.com\/comercio-exterior-america-esp\/wp-json\/wp\/v2\/tags?post=1418"}],"curies":[{"name":"wp","href":"https:\/\/api.w.org\/{rel}","templated":true}]}}