{"id":1422,"date":"2007-09-03T18:04:54","date_gmt":"2007-09-04T01:04:54","guid":{"rendered":"http:\/\/www.exportapymes.com\/comercio-exterior-america-esp\/busca-colombia-la-internacionalizacion-de-su-economia-con-tlcs\/"},"modified":"2007-09-03T18:04:54","modified_gmt":"2007-09-04T01:04:54","slug":"busca-colombia-la-internacionalizacion-de-su-economia-con-tlcs","status":"publish","type":"post","link":"https:\/\/www.exportapymes.com\/comercio-exterior-america-esp\/busca-colombia-la-internacionalizacion-de-su-economia-con-tlcs\/","title":{"rendered":"Busca Colombia la internacionalizaci\u00f3n de su econom\u00eda con TLCs"},"content":{"rendered":"<p>El ministro colombiano de Comercio, Luis Guillermo Plata, dijo que su pa\u00eds busca la <strong>internacionalizaci\u00f3n de su econom\u00eda por medio de los tratados de libre comercio (TLC)<\/strong>.<br \/>\n<img decoding=\"async\" src=\"http:\/\/www.exportapymes.com\/comercio-exterior-america-esp\/images\/ban\/colombia.jpg\" \/>   Plata indic\u00f3 que su pa\u00eds lleva a cabo una agresiva agenda comercial que est\u00e1 encaminada a tener m\u00e1s tratados de libre comercio y a promover la inversi\u00f3n.<br \/>\n&#8220;Un aspecto fundamental en la consecuci\u00f3n de los objetivos es trabajar en la<strong> internacionalizaci\u00f3n<\/strong> de nuestra<br \/>\n<!--more--> econom\u00eda a trav\u00e9s de los TLC&#8221;, dijo, y anunci\u00f3 que el prop\u00f3sito de su cartera es pasar de los actuales tres a nueve acuerdos m\u00e1s.<\/p>\n<p>Colombia tiene firmados tratados de libre comercio con Estados Unidos y con los pa\u00edses del tri\u00e1ngulo norte centroamericano (Honduras, Guatemala y El Salvador), y negocia en conjunto con Per\u00fa un acuerdo con Canad\u00e1.<\/p>\n<p>Con ello, anot\u00f3, el pa\u00eds tendr\u00e1 acceso preferencial a 54 pa\u00edses, con m\u00e1s de 1.000 millones de consumidores, lo que unido a la transformaci\u00f3n productiva del pa\u00eds y &#8216;permitir\u00e1 alcanzar exportaciones por 40.000 millones de d\u00f3lares en el a\u00f1o 2010&#8217;.<\/p>\n<p>El ministro asegur\u00f3, adem\u00e1s, que sus retos para los pr\u00f3ximos tres a\u00f1os ser\u00e1n contribuir a un crecimiento econ\u00f3mico de ocho por ciento por medio de las exportaciones y promover la inversi\u00f3n y la creaci\u00f3n de empresa.<\/p>\n<p>Al rendir cuentas de su gesti\u00f3n, Plata se\u00f1al\u00f3 que ello se lograr\u00e1 al ampliar la<strong> base exportable del pa\u00eds<\/strong>, abrir nuevos mercados y apoyar a las pymes.<\/p>\n<p>Record\u00f3 que los tratados de poco sirven si Colombia &#8216;no avanza en un proceso de transformaci\u00f3n productiva, que mejore las condiciones de productividad y competitividad de la base empresarial existente, y que propicie la creaci\u00f3n de sectores de clase mundial&#8217;.<\/p>\n<p>Ello, dijo, se har\u00e1 &#8216;a trav\u00e9s de la atracci\u00f3n de inversi\u00f3n extranjera&#8217; y el fomento a la iniciativa en el pa\u00eds.<\/p>\n<p>Dijo que se espera &#8216;traer a Colombia una empresa de alta tecnolog\u00eda, que haga una inversi\u00f3n grande, generando un cluster relacionado con la misma, y jalonando el conocimiento, y la capacitaci\u00f3n de mano de obra especializada&#8217;.<\/p>\n<p>Consider\u00f3 que un soporte fundamental para sostener el crecimiento es el acceso de todos a la financiaci\u00f3n, que se lograr\u00e1, asegur\u00f3, &#8216;a trav\u00e9s de la banca de las oportunidades&#8217; para sectores tradicionalmente alejados de la banca.<\/p>\n<p>El ministro se refiri\u00f3 en su intervenci\u00f3n transmitida por el canal estatal de televisi\u00f3n a las posibilidades del sector tur\u00edstico para apoyar el desarrollo sostenible del pa\u00eds.<\/p>\n<p>Afirm\u00f3 que el objetivo es que lleguen cuatro millones de viajeros extranjeros en el 2010 y los ingresos por turismo pasen de 2.000 millones a 4.000 millones de d\u00f3lares.<\/p>\n<p>&#8216;Mientras el turismo mundial crece al cuatro por ciento y el Latinoamericano al seis por ciento, Colombia crece al 14 por ciento&#8217;, dijo Plata tras recordar que mientras en 2002 llegaron a Colombia 560.000 visitantes extranjeros, el a\u00f1o pasado se recibieron 1.140.530 extranjeros.<\/p>\n","protected":false},"excerpt":{"rendered":"<p>El ministro colombiano de Comercio, Luis Guillermo Plata, dijo que su pa\u00eds busca la internacionalizaci\u00f3n de su econom\u00eda por medio de los tratados de libre comercio (TLC). Plata indic\u00f3 que su pa\u00eds lleva a cabo una agresiva agenda comercial que<span class=\"ellipsis\">&hellip;<\/span><\/p>\n<div class=\"read-more\"><a href=\"https:\/\/www.exportapymes.com\/comercio-exterior-america-esp\/busca-colombia-la-internacionalizacion-de-su-economia-con-tlcs\/\">Leer m&aacute;s &#8250;<\/a><\/div>\n<p><!-- end of .read-more --><\/p>\n","protected":false},"author":1,"featured_media":0,"comment_status":"open","ping_status":"open","sticky":false,"template":"","format":"standard","meta":{"footnotes":""},"categories":[5,30,24,32,25],"tags":[],"class_list":["post-1422","post","type-post","status-publish","format-standard","hentry","category-colombia","category-comercio-exterior","category-exportacion","category-exportar","category-internacionalizacion"],"_links":{"self":[{"href":"https:\/\/www.exportapymes.com\/comercio-exterior-america-esp\/wp-json\/wp\/v2\/posts\/1422","targetHints":{"allow":["GET"]}}],"collection":[{"href":"https:\/\/www.exportapymes.com\/comercio-exterior-america-esp\/wp-json\/wp\/v2\/posts"}],"about":[{"href":"https:\/\/www.exportapymes.com\/comercio-exterior-america-esp\/wp-json\/wp\/v2\/types\/post"}],"author":[{"embeddable":true,"href":"https:\/\/www.exportapymes.com\/comercio-exterior-america-esp\/wp-json\/wp\/v2\/users\/1"}],"replies":[{"embeddable":true,"href":"https:\/\/www.exportapymes.com\/comercio-exterior-america-esp\/wp-json\/wp\/v2\/comments?post=1422"}],"version-history":[{"count":0,"href":"https:\/\/www.exportapymes.com\/comercio-exterior-america-esp\/wp-json\/wp\/v2\/posts\/1422\/revisions"}],"wp:attachment":[{"href":"https:\/\/www.exportapymes.com\/comercio-exterior-america-esp\/wp-json\/wp\/v2\/media?parent=1422"}],"wp:term":[{"taxonomy":"category","embeddable":true,"href":"https:\/\/www.exportapymes.com\/comercio-exterior-america-esp\/wp-json\/wp\/v2\/categories?post=1422"},{"taxonomy":"post_tag","embeddable":true,"href":"https:\/\/www.exportapymes.com\/comercio-exterior-america-esp\/wp-json\/wp\/v2\/tags?post=1422"}],"curies":[{"name":"wp","href":"https:\/\/api.w.org\/{rel}","templated":true}]}}