{"id":143,"date":"2006-03-14T19:58:29","date_gmt":"2006-03-15T02:58:29","guid":{"rendered":"http:\/\/www.exportapymes.com\/comercio-exterior-america-esp\/empresas-de-calzado-de-balears-exportaran-por-primera-vez-a-sudafrica\/"},"modified":"2006-03-14T19:58:29","modified_gmt":"2006-03-15T02:58:29","slug":"empresas-de-calzado-de-balears-exportaran-por-primera-vez-a-sudafrica","status":"publish","type":"post","link":"https:\/\/www.exportapymes.com\/comercio-exterior-america-esp\/empresas-de-calzado-de-balears-exportaran-por-primera-vez-a-sudafrica\/","title":{"rendered":"Empresas de calzado de Balears exportar\u00e1n por primera vez a Sud\u00e1frica"},"content":{"rendered":"<p>Cinco de las principales marcas zapateras de Balears expusieron sus productos y obtuvieron pedidos en firme en Sud\u00e1frica en el marco de una misi\u00f3n comercial organizada por la <strong>C\u00e1mara de Comercio de Mallorca<\/strong>, Eivissa i Formentera con el apoyo log\u00edstico del <strong>Instituto Espa\u00f1ol de Comercio Exterior, Icex<\/strong>.<br \/>\n<img decoding=\"async\" src=\"http:\/\/www.exportapymes.com\/comercio-exterior-america-esp\/images\/ban\/spain.jpg\" \/>   El responsable de Comercio Exterior de la C\u00e1mara de Comercio, Miquel Beltr\u00e1n, calific\u00f3 de<!--more--> \u00absorpresa satisfactoria\u00bb el resultado de la misi\u00f3n comercial celebrada durante dos d\u00edas en la ciudad de Johanesburgo, dado que indic\u00f3 que se trata de la primera vez que empresas de las Islas \u00ababren mercado\u00bb en un pa\u00eds poblado por 47 millones de habitantes que, seg\u00fan se\u00f1al\u00f3, se encuentra en fase de desarrollo impulsado por la celebraci\u00f3n en 2008 del mundial de f\u00fatbol.<\/p>\n<p>El responsable de Comercio Exterior de la C\u00e1mara indic\u00f3 que las empresas de calzado de las Islas obtuvieron pedidos tanto en Johanesburgo como tambi\u00e9n de Durban y de Ciudad del Cabo, zonas en las que, seg\u00fan recalc\u00f3, existe un elevado de porcentaje de poblaci\u00f3n, en su mayor\u00eda blanca, que dispone de renta per c\u00e1pita suficiente para comprar los productos baleares, orientados hacia un segmento medio alto del mercado.<\/p>\n<p>Beltr\u00e1n consider\u00f3 adem\u00e1s que Sud\u00e1frica puede ser un mercado estrat\u00e9gico en el continente africano, dado que adem\u00e1s centraliza las compras de las clases altas de los pa\u00edses vecinos. Ultima Hora Digital<\/p>\n","protected":false},"excerpt":{"rendered":"<p>Cinco de las principales marcas zapateras de Balears expusieron sus productos y obtuvieron pedidos en firme en Sud\u00e1frica en el marco de una misi\u00f3n comercial organizada por la C\u00e1mara de Comercio de Mallorca, Eivissa i Formentera con el apoyo log\u00edstico<span class=\"ellipsis\">&hellip;<\/span><\/p>\n<div class=\"read-more\"><a href=\"https:\/\/www.exportapymes.com\/comercio-exterior-america-esp\/empresas-de-calzado-de-balears-exportaran-por-primera-vez-a-sudafrica\/\">Leer m&aacute;s &#8250;<\/a><\/div>\n<p><!-- end of .read-more --><\/p>\n","protected":false},"author":1,"featured_media":0,"comment_status":"open","ping_status":"open","sticky":false,"template":"","format":"standard","meta":{"footnotes":""},"categories":[22],"tags":[],"class_list":["post-143","post","type-post","status-publish","format-standard","hentry","category-espana"],"_links":{"self":[{"href":"https:\/\/www.exportapymes.com\/comercio-exterior-america-esp\/wp-json\/wp\/v2\/posts\/143","targetHints":{"allow":["GET"]}}],"collection":[{"href":"https:\/\/www.exportapymes.com\/comercio-exterior-america-esp\/wp-json\/wp\/v2\/posts"}],"about":[{"href":"https:\/\/www.exportapymes.com\/comercio-exterior-america-esp\/wp-json\/wp\/v2\/types\/post"}],"author":[{"embeddable":true,"href":"https:\/\/www.exportapymes.com\/comercio-exterior-america-esp\/wp-json\/wp\/v2\/users\/1"}],"replies":[{"embeddable":true,"href":"https:\/\/www.exportapymes.com\/comercio-exterior-america-esp\/wp-json\/wp\/v2\/comments?post=143"}],"version-history":[{"count":0,"href":"https:\/\/www.exportapymes.com\/comercio-exterior-america-esp\/wp-json\/wp\/v2\/posts\/143\/revisions"}],"wp:attachment":[{"href":"https:\/\/www.exportapymes.com\/comercio-exterior-america-esp\/wp-json\/wp\/v2\/media?parent=143"}],"wp:term":[{"taxonomy":"category","embeddable":true,"href":"https:\/\/www.exportapymes.com\/comercio-exterior-america-esp\/wp-json\/wp\/v2\/categories?post=143"},{"taxonomy":"post_tag","embeddable":true,"href":"https:\/\/www.exportapymes.com\/comercio-exterior-america-esp\/wp-json\/wp\/v2\/tags?post=143"}],"curies":[{"name":"wp","href":"https:\/\/api.w.org\/{rel}","templated":true}]}}